{"id":6282,"date":"2025-05-26T08:36:38","date_gmt":"2025-05-26T06:36:38","guid":{"rendered":"https:\/\/agora.xtec.cat\/instarragona\/?p=6282"},"modified":"2025-05-26T08:40:01","modified_gmt":"2025-05-26T06:40:01","slug":"com-sona-leso-2025","status":"publish","type":"post","link":"https:\/\/agora.xtec.cat\/instarragona\/eso\/eso-3\/com-sona-leso-2025\/","title":{"rendered":"Com sona l&#8217;ESO 2025"},"content":{"rendered":"<p>Un any m\u00e9s els nostres alumnes de 3r d&#8217;ESO han participat a <strong><a href=\"https:\/\/comsonaleso.com\/\" target=\"_blank\" rel=\"noopener\">Com sona l&#8217;ESO<\/a><\/strong>, on val la pena destacar un gran moment: l\u2019estrena de l\u2019obra Anna corre sota l\u2019oce\u00e0. Una trobada anual d\u2019alumnat i professorat de m\u00fasica de secund\u00e0ria i batxillerat on es prepara un gran concert conjunt: 1500 persones cantant, ballant i tocant. Una experi\u00e8ncia \u00fanica i espectacular. WOW! Ho han donat tot! Un any m\u00e9s el resultat ha estat espectacular. Ben aviat un farem arribar el v\u00eddeo recopilatori. M\u00fasica, moviment i emoci\u00f3 en una proposta col\u00b7lectiva que ens ha fet vibrar.<\/p>\n<p>De moment aqu\u00ed teniu unes quantes <a href=\"https:\/\/drive.google.com\/drive\/folders\/1tyF85CDjTJ3wvPqp5Z6LYVeFa_A20vIi?usp=drive_link\" target=\"_blank\" rel=\"noopener\"><strong>imatges<\/strong><\/a>.<\/p>\n<table style=\"border-collapse: collapse; width: 100%;\">\n<tbody>\n<tr>\n<td style=\"width: 50%; text-align: center;\"><img loading=\"lazy\" decoding=\"async\" class=\"aligncenter size-full wp-image-6283\" src=\"https:\/\/agora.xtec.cat\/instarragona\/wp-content\/uploads\/usu484\/2025\/05\/1-6.png\" alt=\"\" width=\"946\" height=\"703\" srcset=\"https:\/\/agora.xtec.cat\/instarragona\/wp-content\/uploads\/usu484\/2025\/05\/1-6.png 946w, https:\/\/agora.xtec.cat\/instarragona\/wp-content\/uploads\/usu484\/2025\/05\/1-6-300x223.png 300w, https:\/\/agora.xtec.cat\/instarragona\/wp-content\/uploads\/usu484\/2025\/05\/1-6-768x571.png 768w, https:\/\/agora.xtec.cat\/instarragona\/wp-content\/uploads\/usu484\/2025\/05\/1-6-200x150.png 200w\" sizes=\"auto, (max-width: 946px) 100vw, 946px\" \/><\/td>\n<td style=\"width: 50%; text-align: center;\"><img loading=\"lazy\" decoding=\"async\" class=\"aligncenter size-full wp-image-6284\" src=\"https:\/\/agora.xtec.cat\/instarragona\/wp-content\/uploads\/usu484\/2025\/05\/4-1.png\" alt=\"\" width=\"943\" height=\"700\" srcset=\"https:\/\/agora.xtec.cat\/instarragona\/wp-content\/uploads\/usu484\/2025\/05\/4-1.png 943w, https:\/\/agora.xtec.cat\/instarragona\/wp-content\/uploads\/usu484\/2025\/05\/4-1-300x223.png 300w, https:\/\/agora.xtec.cat\/instarragona\/wp-content\/uploads\/usu484\/2025\/05\/4-1-768x570.png 768w\" sizes=\"auto, (max-width: 943px) 100vw, 943px\" \/><\/td>\n<\/tr>\n<tr>\n<td style=\"width: 50%; text-align: center;\"><img loading=\"lazy\" decoding=\"async\" class=\"aligncenter size-full wp-image-6285\" src=\"https:\/\/agora.xtec.cat\/instarragona\/wp-content\/uploads\/usu484\/2025\/05\/3-2.png\" alt=\"\" width=\"952\" height=\"709\" srcset=\"https:\/\/agora.xtec.cat\/instarragona\/wp-content\/uploads\/usu484\/2025\/05\/3-2.png 952w, https:\/\/agora.xtec.cat\/instarragona\/wp-content\/uploads\/usu484\/2025\/05\/3-2-300x223.png 300w, https:\/\/agora.xtec.cat\/instarragona\/wp-content\/uploads\/usu484\/2025\/05\/3-2-768x572.png 768w, https:\/\/agora.xtec.cat\/instarragona\/wp-content\/uploads\/usu484\/2025\/05\/3-2-200x150.png 200w\" sizes=\"auto, (max-width: 952px) 100vw, 952px\" \/><\/td>\n<td style=\"width: 50%; text-align: center;\"><img loading=\"lazy\" decoding=\"async\" class=\"aligncenter size-full wp-image-6286\" src=\"https:\/\/agora.xtec.cat\/instarragona\/wp-content\/uploads\/usu484\/2025\/05\/5-1.png\" alt=\"\" width=\"928\" height=\"673\" srcset=\"https:\/\/agora.xtec.cat\/instarragona\/wp-content\/uploads\/usu484\/2025\/05\/5-1.png 928w, https:\/\/agora.xtec.cat\/instarragona\/wp-content\/uploads\/usu484\/2025\/05\/5-1-300x218.png 300w, https:\/\/agora.xtec.cat\/instarragona\/wp-content\/uploads\/usu484\/2025\/05\/5-1-768x557.png 768w\" sizes=\"auto, (max-width: 928px) 100vw, 928px\" \/><\/td>\n<\/tr>\n<\/tbody>\n<\/table>\n","protected":false},"excerpt":{"rendered":"<p>Un any m\u00e9s els nostres alumnes de 3r d&#8217;ESO han participat a <a href=\"https:\/\/comsonaleso.com\/\" target=\"_blank\" rel=\"noopener\">Com sona l&#8217;ESO<\/a>, on val la pena destacar un gran moment: l\u2019estrena de l\u2019obra Anna corre sota l\u2019oce\u00e0. Una trobada anual d\u2019alumnat i professorat de m\u00fasica de secund\u00e0ria i batxillerat&hellip;  <a href=\"https:\/\/agora.xtec.cat\/instarragona\/eso\/eso-3\/com-sona-leso-2025\/\" title=\"Read Com sona l&#8217;ESO 2025\">Llegeix m\u00e9s\u00bb<\/a><\/p>\n","protected":false},"author":1,"featured_media":6284,"comment_status":"open","ping_status":"closed","sticky":false,"template":"","format":"standard","meta":{"_bbp_topic_count":0,"_bbp_reply_count":0,"_bbp_total_topic_count":0,"_bbp_total_reply_count":0,"_bbp_voice_count":0,"_bbp_anonymous_reply_count":0,"_bbp_topic_count_hidden":0,"_bbp_reply_count_hidden":0,"_bbp_forum_subforum_count":0,"footnotes":""},"categories":[6,29],"tags":[111,39],"class_list":["post-6282","post","type-post","status-publish","format-standard","has-post-thumbnail","hentry","category-eso-3","category-portada","tag-musica","tag-sortides"],"post_mailing_queue_ids":[],"_links":{"self":[{"href":"https:\/\/agora.xtec.cat\/instarragona\/wp-json\/wp\/v2\/posts\/6282","targetHints":{"allow":["GET"]}}],"collection":[{"href":"https:\/\/agora.xtec.cat\/instarragona\/wp-json\/wp\/v2\/posts"}],"about":[{"href":"https:\/\/agora.xtec.cat\/instarragona\/wp-json\/wp\/v2\/types\/post"}],"author":[{"embeddable":true,"href":"https:\/\/agora.xtec.cat\/instarragona\/wp-json\/wp\/v2\/users\/1"}],"replies":[{"embeddable":true,"href":"https:\/\/agora.xtec.cat\/instarragona\/wp-json\/wp\/v2\/comments?post=6282"}],"version-history":[{"count":2,"href":"https:\/\/agora.xtec.cat\/instarragona\/wp-json\/wp\/v2\/posts\/6282\/revisions"}],"predecessor-version":[{"id":6288,"href":"https:\/\/agora.xtec.cat\/instarragona\/wp-json\/wp\/v2\/posts\/6282\/revisions\/6288"}],"wp:featuredmedia":[{"embeddable":true,"href":"https:\/\/agora.xtec.cat\/instarragona\/wp-json\/wp\/v2\/media\/6284"}],"wp:attachment":[{"href":"https:\/\/agora.xtec.cat\/instarragona\/wp-json\/wp\/v2\/media?parent=6282"}],"wp:term":[{"taxonomy":"category","embeddable":true,"href":"https:\/\/agora.xtec.cat\/instarragona\/wp-json\/wp\/v2\/categories?post=6282"},{"taxonomy":"post_tag","embeddable":true,"href":"https:\/\/agora.xtec.cat\/instarragona\/wp-json\/wp\/v2\/tags?post=6282"}],"curies":[{"name":"wp","href":"https:\/\/api.w.org\/{rel}","templated":true}]}}