{"id":6279,"date":"2025-05-26T08:23:02","date_gmt":"2025-05-26T06:23:02","guid":{"rendered":"https:\/\/agora.xtec.cat\/instarragona\/?p=6279"},"modified":"2025-05-27T11:58:04","modified_gmt":"2025-05-27T09:58:04","slug":"grans-resultats-a-la-proves-cangur","status":"publish","type":"post","link":"https:\/\/agora.xtec.cat\/instarragona\/eso\/grans-resultats-a-la-proves-cangur\/","title":{"rendered":"Grans resultats a les proves cangur"},"content":{"rendered":"<p>Estem molt i molt orgullosos dels <a href=\"https:\/\/drive.google.com\/drive\/folders\/1pwYCxGMyz9f61NYxDxHxij80bR_FDEWw\" target=\"_blank\" rel=\"noopener\"><strong>nostres alumnes<\/strong> <\/a>de l&#8217;ESO \u2764\ufe0fque han obtingut uns resultats excel\u00b7lents a la 30a edici\u00f3 de les Proves Cangur de Catalunya. S&#8217;han situat en el percentil del 5% m\u00e9s alt de la prova! Aquest gran assoliment reflecteix el seu talent, esfor\u00e7 i inter\u00e8s per les matem\u00e0tiques. Enhorabona i no afluixeu, us esperen nous reptes! \ud83d\ude09<\/p>\n<p style=\"text-align: center;\"><img loading=\"lazy\" decoding=\"async\" class=\"aligncenter size-full wp-image-6280\" src=\"https:\/\/agora.xtec.cat\/instarragona\/wp-content\/uploads\/usu484\/2025\/05\/1-5.png\" alt=\"\" width=\"867\" height=\"591\" srcset=\"https:\/\/agora.xtec.cat\/instarragona\/wp-content\/uploads\/usu484\/2025\/05\/1-5.png 867w, https:\/\/agora.xtec.cat\/instarragona\/wp-content\/uploads\/usu484\/2025\/05\/1-5-300x204.png 300w, https:\/\/agora.xtec.cat\/instarragona\/wp-content\/uploads\/usu484\/2025\/05\/1-5-768x524.png 768w\" sizes=\"auto, (max-width: 867px) 100vw, 867px\" \/><\/p>\n","protected":false},"excerpt":{"rendered":"<p>Estem molt i molt orgullosos dels <a href=\"https:\/\/drive.google.com\/drive\/folders\/1pwYCxGMyz9f61NYxDxHxij80bR_FDEWw\" target=\"_blank\" rel=\"noopener\">nostres alumnes <\/a>de l&#8217;ESO \u2764\ufe0fque han obtingut uns resultats excel\u00b7lents a la 30a edici\u00f3 de les Proves Cangur de Catalunya. S&#8217;han situat en el percentil del 5% m\u00e9s alt de la prova! Aquest gran assoliment reflecteix&hellip;  <a href=\"https:\/\/agora.xtec.cat\/instarragona\/eso\/grans-resultats-a-la-proves-cangur\/\" title=\"Read Grans resultats a les proves cangur\">Llegeix m\u00e9s\u00bb<\/a><\/p>\n","protected":false},"author":1,"featured_media":6280,"comment_status":"open","ping_status":"closed","sticky":false,"template":"","format":"standard","meta":{"_bbp_topic_count":0,"_bbp_reply_count":0,"_bbp_total_topic_count":0,"_bbp_total_reply_count":0,"_bbp_voice_count":0,"_bbp_anonymous_reply_count":0,"_bbp_topic_count_hidden":0,"_bbp_reply_count_hidden":0,"_bbp_forum_subforum_count":0,"footnotes":""},"categories":[3,29],"tags":[104,41],"class_list":["post-6279","post","type-post","status-publish","format-standard","has-post-thumbnail","hentry","category-eso","category-portada","tag-concursos","tag-matematiques"],"post_mailing_queue_ids":[],"_links":{"self":[{"href":"https:\/\/agora.xtec.cat\/instarragona\/wp-json\/wp\/v2\/posts\/6279","targetHints":{"allow":["GET"]}}],"collection":[{"href":"https:\/\/agora.xtec.cat\/instarragona\/wp-json\/wp\/v2\/posts"}],"about":[{"href":"https:\/\/agora.xtec.cat\/instarragona\/wp-json\/wp\/v2\/types\/post"}],"author":[{"embeddable":true,"href":"https:\/\/agora.xtec.cat\/instarragona\/wp-json\/wp\/v2\/users\/1"}],"replies":[{"embeddable":true,"href":"https:\/\/agora.xtec.cat\/instarragona\/wp-json\/wp\/v2\/comments?post=6279"}],"version-history":[{"count":2,"href":"https:\/\/agora.xtec.cat\/instarragona\/wp-json\/wp\/v2\/posts\/6279\/revisions"}],"predecessor-version":[{"id":6306,"href":"https:\/\/agora.xtec.cat\/instarragona\/wp-json\/wp\/v2\/posts\/6279\/revisions\/6306"}],"wp:featuredmedia":[{"embeddable":true,"href":"https:\/\/agora.xtec.cat\/instarragona\/wp-json\/wp\/v2\/media\/6280"}],"wp:attachment":[{"href":"https:\/\/agora.xtec.cat\/instarragona\/wp-json\/wp\/v2\/media?parent=6279"}],"wp:term":[{"taxonomy":"category","embeddable":true,"href":"https:\/\/agora.xtec.cat\/instarragona\/wp-json\/wp\/v2\/categories?post=6279"},{"taxonomy":"post_tag","embeddable":true,"href":"https:\/\/agora.xtec.cat\/instarragona\/wp-json\/wp\/v2\/tags?post=6279"}],"curies":[{"name":"wp","href":"https:\/\/api.w.org\/{rel}","templated":true}]}}