{"id":6275,"date":"2025-05-26T08:13:31","date_gmt":"2025-05-26T06:13:31","guid":{"rendered":"https:\/\/agora.xtec.cat\/instarragona\/?p=6275"},"modified":"2025-05-26T08:13:31","modified_gmt":"2025-05-26T06:13:31","slug":"llum-i-color","status":"publish","type":"post","link":"https:\/\/agora.xtec.cat\/instarragona\/eso\/eso-2\/llum-i-color\/","title":{"rendered":"Llum i color"},"content":{"rendered":"<p><strong>L\u2019alumnat de 2n d\u2019ESO de Projectes STEM descobreix els secrets de la llum i el color al CaixaForum Tarragona<\/strong><\/p>\n<p>Aquests dies, l&#8217;alumnat de 2n d\u2019ESO de Projectes STEM ha tingut l\u2019oportunitat de participar en el taller\u00a0<strong>&#8220;Llum i color&#8221;<\/strong>, organitzat pel\u00a0<strong>CaixaForum de Tarragona<\/strong>.<\/p>\n<p>Una experi\u00e8ncia enriquidora on han pogut experimentar en primera persona diversos fen\u00f2mens \u00f2ptics treballats pr\u00e8viament a l\u2019aula.<\/p>\n<p>Una gran oportunitat per connectar fen\u00f2mens cient\u00edfics amb la realitat i aix\u00ed, seguir aprenent de manera significativa.<\/p>\n<p style=\"text-align: center;\"><img loading=\"lazy\" decoding=\"async\" class=\"aligncenter size-full wp-image-6276\" src=\"https:\/\/agora.xtec.cat\/instarragona\/wp-content\/uploads\/usu484\/2025\/05\/1-4.png\" alt=\"\" width=\"507\" height=\"658\" srcset=\"https:\/\/agora.xtec.cat\/instarragona\/wp-content\/uploads\/usu484\/2025\/05\/1-4.png 507w, https:\/\/agora.xtec.cat\/instarragona\/wp-content\/uploads\/usu484\/2025\/05\/1-4-231x300.png 231w\" sizes=\"auto, (max-width: 507px) 100vw, 507px\" \/><\/p>\n<p>&nbsp;<\/p>\n<p style=\"text-align: center;\"><img loading=\"lazy\" decoding=\"async\" class=\"aligncenter size-full wp-image-6277\" src=\"https:\/\/agora.xtec.cat\/instarragona\/wp-content\/uploads\/usu484\/2025\/05\/2-2.png\" alt=\"\" width=\"520\" height=\"649\" srcset=\"https:\/\/agora.xtec.cat\/instarragona\/wp-content\/uploads\/usu484\/2025\/05\/2-2.png 520w, https:\/\/agora.xtec.cat\/instarragona\/wp-content\/uploads\/usu484\/2025\/05\/2-2-240x300.png 240w\" sizes=\"auto, (max-width: 520px) 100vw, 520px\" \/><\/p>\n<p>&nbsp;<\/p>\n","protected":false},"excerpt":{"rendered":"<p>L\u2019alumnat de 2n d\u2019ESO de Projectes STEM descobreix els secrets de la llum i el color al CaixaForum Tarragona<br \/>\nAquests dies, l&#8217;alumnat de 2n d\u2019ESO de Projectes STEM ha tingut l\u2019oportunitat de participar en el taller\u00a0&#8220;Llum i color&#8221;, organitzat pel\u00a0CaixaForum de Tarragona.<br \/>\nUna experi\u00e8ncia enriquidora on han&hellip;  <a href=\"https:\/\/agora.xtec.cat\/instarragona\/eso\/eso-2\/llum-i-color\/\" title=\"Read Llum i color\">Llegeix m\u00e9s\u00bb<\/a><\/p>\n","protected":false},"author":1,"featured_media":6276,"comment_status":"open","ping_status":"closed","sticky":false,"template":"","format":"standard","meta":{"_bbp_topic_count":0,"_bbp_reply_count":0,"_bbp_total_topic_count":0,"_bbp_total_reply_count":0,"_bbp_voice_count":0,"_bbp_anonymous_reply_count":0,"_bbp_topic_count_hidden":0,"_bbp_reply_count_hidden":0,"_bbp_forum_subforum_count":0,"footnotes":""},"categories":[5,29],"tags":[116,39],"class_list":["post-6275","post","type-post","status-publish","format-standard","has-post-thumbnail","hentry","category-eso-2","category-portada","tag-ciencies","tag-sortides"],"post_mailing_queue_ids":[],"_links":{"self":[{"href":"https:\/\/agora.xtec.cat\/instarragona\/wp-json\/wp\/v2\/posts\/6275","targetHints":{"allow":["GET"]}}],"collection":[{"href":"https:\/\/agora.xtec.cat\/instarragona\/wp-json\/wp\/v2\/posts"}],"about":[{"href":"https:\/\/agora.xtec.cat\/instarragona\/wp-json\/wp\/v2\/types\/post"}],"author":[{"embeddable":true,"href":"https:\/\/agora.xtec.cat\/instarragona\/wp-json\/wp\/v2\/users\/1"}],"replies":[{"embeddable":true,"href":"https:\/\/agora.xtec.cat\/instarragona\/wp-json\/wp\/v2\/comments?post=6275"}],"version-history":[{"count":1,"href":"https:\/\/agora.xtec.cat\/instarragona\/wp-json\/wp\/v2\/posts\/6275\/revisions"}],"predecessor-version":[{"id":6278,"href":"https:\/\/agora.xtec.cat\/instarragona\/wp-json\/wp\/v2\/posts\/6275\/revisions\/6278"}],"wp:featuredmedia":[{"embeddable":true,"href":"https:\/\/agora.xtec.cat\/instarragona\/wp-json\/wp\/v2\/media\/6276"}],"wp:attachment":[{"href":"https:\/\/agora.xtec.cat\/instarragona\/wp-json\/wp\/v2\/media?parent=6275"}],"wp:term":[{"taxonomy":"category","embeddable":true,"href":"https:\/\/agora.xtec.cat\/instarragona\/wp-json\/wp\/v2\/categories?post=6275"},{"taxonomy":"post_tag","embeddable":true,"href":"https:\/\/agora.xtec.cat\/instarragona\/wp-json\/wp\/v2\/tags?post=6275"}],"curies":[{"name":"wp","href":"https:\/\/api.w.org\/{rel}","templated":true}]}}