{"id":6267,"date":"2025-05-26T08:06:31","date_gmt":"2025-05-26T06:06:31","guid":{"rendered":"https:\/\/agora.xtec.cat\/instarragona\/?p=6267"},"modified":"2025-05-26T08:07:39","modified_gmt":"2025-05-26T06:07:39","slug":"el-rocodrom","status":"publish","type":"post","link":"https:\/\/agora.xtec.cat\/instarragona\/eso\/eso-4\/el-rocodrom\/","title":{"rendered":"El roc\u00f2drom"},"content":{"rendered":"<p>L&#8217;alumnat de 4t d&#8217;ESO va viure una experi\u00e8ncia \u00fanica al <strong><a href=\"https:\/\/drive.google.com\/drive\/folders\/19lqLh_Xm1H8xAa4fwPhOtQjfwVkj8yEA?usp=sharing\" target=\"_blank\" rel=\"noopener\">roc\u00f2drom<\/a><\/strong>. Entre parets verticals, cordes i molt, molt d&#8217;esfor\u00e7 i \u00e9s que no \u00e9s gens f\u00e0cil pujar ben amunt.\u00a0Una sortida programada des del departament d&#8217;Educaci\u00f3 f\u00edsica i que de ben segur que repetirem.<\/p>\n<p><img loading=\"lazy\" decoding=\"async\" class=\"aligncenter size-full wp-image-6268\" src=\"https:\/\/agora.xtec.cat\/instarragona\/wp-content\/uploads\/usu484\/2025\/05\/2-1.png\" alt=\"\" width=\"535\" height=\"522\" srcset=\"https:\/\/agora.xtec.cat\/instarragona\/wp-content\/uploads\/usu484\/2025\/05\/2-1.png 535w, https:\/\/agora.xtec.cat\/instarragona\/wp-content\/uploads\/usu484\/2025\/05\/2-1-300x293.png 300w\" sizes=\"auto, (max-width: 535px) 100vw, 535px\" \/><\/p>\n<p style=\"text-align: center;\"><img loading=\"lazy\" decoding=\"async\" class=\"aligncenter size-full wp-image-6269\" src=\"https:\/\/agora.xtec.cat\/instarragona\/wp-content\/uploads\/usu484\/2025\/05\/3-1.png\" alt=\"\" width=\"508\" height=\"681\" srcset=\"https:\/\/agora.xtec.cat\/instarragona\/wp-content\/uploads\/usu484\/2025\/05\/3-1.png 508w, https:\/\/agora.xtec.cat\/instarragona\/wp-content\/uploads\/usu484\/2025\/05\/3-1-224x300.png 224w\" sizes=\"auto, (max-width: 508px) 100vw, 508px\" \/><\/p>\n<p style=\"text-align: center;\"><img loading=\"lazy\" decoding=\"async\" class=\"aligncenter size-full wp-image-6270\" src=\"https:\/\/agora.xtec.cat\/instarragona\/wp-content\/uploads\/usu484\/2025\/05\/1-3.png\" alt=\"\" width=\"514\" height=\"690\" srcset=\"https:\/\/agora.xtec.cat\/instarragona\/wp-content\/uploads\/usu484\/2025\/05\/1-3.png 514w, https:\/\/agora.xtec.cat\/instarragona\/wp-content\/uploads\/usu484\/2025\/05\/1-3-223x300.png 223w\" sizes=\"auto, (max-width: 514px) 100vw, 514px\" \/><\/p>\n","protected":false},"excerpt":{"rendered":"<p>L&#8217;alumnat de 4t d&#8217;ESO va viure una experi\u00e8ncia \u00fanica al <a href=\"https:\/\/drive.google.com\/drive\/folders\/19lqLh_Xm1H8xAa4fwPhOtQjfwVkj8yEA?usp=sharing\" target=\"_blank\" rel=\"noopener\">roc\u00f2drom<\/a>. Entre parets verticals, cordes i molt, molt d&#8217;esfor\u00e7 i \u00e9s que no \u00e9s gens f\u00e0cil pujar ben amunt.\u00a0Una sortida programada des del departament d&#8217;Educaci\u00f3 f\u00edsica i que de ben segur que&hellip;  <a href=\"https:\/\/agora.xtec.cat\/instarragona\/eso\/eso-4\/el-rocodrom\/\" title=\"Read El roc\u00f2drom\">Llegeix m\u00e9s\u00bb<\/a><\/p>\n","protected":false},"author":1,"featured_media":6270,"comment_status":"open","ping_status":"closed","sticky":false,"template":"","format":"standard","meta":{"_bbp_topic_count":0,"_bbp_reply_count":0,"_bbp_total_topic_count":0,"_bbp_total_reply_count":0,"_bbp_voice_count":0,"_bbp_anonymous_reply_count":0,"_bbp_topic_count_hidden":0,"_bbp_reply_count_hidden":0,"_bbp_forum_subforum_count":0,"footnotes":""},"categories":[7,29],"tags":[138,39],"class_list":["post-6267","post","type-post","status-publish","format-standard","has-post-thumbnail","hentry","category-eso-4","category-portada","tag-ef","tag-sortides"],"post_mailing_queue_ids":[],"_links":{"self":[{"href":"https:\/\/agora.xtec.cat\/instarragona\/wp-json\/wp\/v2\/posts\/6267","targetHints":{"allow":["GET"]}}],"collection":[{"href":"https:\/\/agora.xtec.cat\/instarragona\/wp-json\/wp\/v2\/posts"}],"about":[{"href":"https:\/\/agora.xtec.cat\/instarragona\/wp-json\/wp\/v2\/types\/post"}],"author":[{"embeddable":true,"href":"https:\/\/agora.xtec.cat\/instarragona\/wp-json\/wp\/v2\/users\/1"}],"replies":[{"embeddable":true,"href":"https:\/\/agora.xtec.cat\/instarragona\/wp-json\/wp\/v2\/comments?post=6267"}],"version-history":[{"count":3,"href":"https:\/\/agora.xtec.cat\/instarragona\/wp-json\/wp\/v2\/posts\/6267\/revisions"}],"predecessor-version":[{"id":6273,"href":"https:\/\/agora.xtec.cat\/instarragona\/wp-json\/wp\/v2\/posts\/6267\/revisions\/6273"}],"wp:featuredmedia":[{"embeddable":true,"href":"https:\/\/agora.xtec.cat\/instarragona\/wp-json\/wp\/v2\/media\/6270"}],"wp:attachment":[{"href":"https:\/\/agora.xtec.cat\/instarragona\/wp-json\/wp\/v2\/media?parent=6267"}],"wp:term":[{"taxonomy":"category","embeddable":true,"href":"https:\/\/agora.xtec.cat\/instarragona\/wp-json\/wp\/v2\/categories?post=6267"},{"taxonomy":"post_tag","embeddable":true,"href":"https:\/\/agora.xtec.cat\/instarragona\/wp-json\/wp\/v2\/tags?post=6267"}],"curies":[{"name":"wp","href":"https:\/\/api.w.org\/{rel}","templated":true}]}}