{"id":6263,"date":"2025-05-25T09:49:03","date_gmt":"2025-05-25T07:49:03","guid":{"rendered":"https:\/\/agora.xtec.cat\/instarragona\/?p=6263"},"modified":"2025-05-25T09:49:58","modified_gmt":"2025-05-25T07:49:58","slug":"80-anys-de-lalliberament-de-mauthaussen","status":"publish","type":"post","link":"https:\/\/agora.xtec.cat\/instarragona\/eso\/eso-3\/80-anys-de-lalliberament-de-mauthaussen\/","title":{"rendered":"80 anys de l&#8217;alliberament de Mauthaussen"},"content":{"rendered":"<p>L&#8217;alumnat de 3r d&#8217;ESO, fa uns dies va tenir l&#8217;oportunitat d&#8217;assisitir a una xerrada sobre el Camp de concentraci\u00f3 de Mauthaussen, impartida per Llibert Tarrag\u00f3, fill de deportat Tarragon\u00ed a Mauthaussen i en motiu dels 80 anys d&#8217;alliberament del camp.\u00a0 Escoltar-lo esgarrifa, ens posa a tots plegats a lloc i ens fa entendre com certs episodis passats no es poden repetir sota cap excusa ni cirscunst\u00e0ncia.<\/p>\n<p>Moltes gr\u00e0cies Llibert per fer-nos part\u00edceps de la teva experi\u00e8ncia i recordar-nos com n&#8217;\u00e9s d&#8217;important no perdre la mem\u00f2ria hist\u00f2rica.<\/p>\n<p><img loading=\"lazy\" decoding=\"async\" class=\"aligncenter size-full wp-image-6264\" src=\"https:\/\/agora.xtec.cat\/instarragona\/wp-content\/uploads\/usu484\/2025\/05\/1-2.png\" alt=\"\" width=\"907\" height=\"526\" srcset=\"https:\/\/agora.xtec.cat\/instarragona\/wp-content\/uploads\/usu484\/2025\/05\/1-2.png 907w, https:\/\/agora.xtec.cat\/instarragona\/wp-content\/uploads\/usu484\/2025\/05\/1-2-300x174.png 300w, https:\/\/agora.xtec.cat\/instarragona\/wp-content\/uploads\/usu484\/2025\/05\/1-2-768x445.png 768w\" sizes=\"auto, (max-width: 907px) 100vw, 907px\" \/><\/p>\n","protected":false},"excerpt":{"rendered":"<p>L&#8217;alumnat de 3r d&#8217;ESO, fa uns dies va tenir l&#8217;oportunitat d&#8217;assisitir a una xerrada sobre el Camp de concentraci\u00f3 de Mauthaussen, impartida per Llibert Tarrag\u00f3, fill de deportat Tarragon\u00ed a Mauthaussen i en motiu dels 80 anys d&#8217;alliberament del camp.\u00a0 Escoltar-lo esgarrifa, ens posa a&hellip;  <a href=\"https:\/\/agora.xtec.cat\/instarragona\/eso\/eso-3\/80-anys-de-lalliberament-de-mauthaussen\/\" title=\"Read 80 anys de l&#8217;alliberament de Mauthaussen\">Llegeix m\u00e9s\u00bb<\/a><\/p>\n","protected":false},"author":1,"featured_media":6264,"comment_status":"open","ping_status":"closed","sticky":false,"template":"","format":"standard","meta":{"_bbp_topic_count":0,"_bbp_reply_count":0,"_bbp_total_topic_count":0,"_bbp_total_reply_count":0,"_bbp_voice_count":0,"_bbp_anonymous_reply_count":0,"_bbp_topic_count_hidden":0,"_bbp_reply_count_hidden":0,"_bbp_forum_subforum_count":0,"footnotes":""},"categories":[6,29],"tags":[156,44],"class_list":["post-6263","post","type-post","status-publish","format-standard","has-post-thumbnail","hentry","category-eso-3","category-portada","tag-social","tag-xerrades"],"post_mailing_queue_ids":[],"_links":{"self":[{"href":"https:\/\/agora.xtec.cat\/instarragona\/wp-json\/wp\/v2\/posts\/6263","targetHints":{"allow":["GET"]}}],"collection":[{"href":"https:\/\/agora.xtec.cat\/instarragona\/wp-json\/wp\/v2\/posts"}],"about":[{"href":"https:\/\/agora.xtec.cat\/instarragona\/wp-json\/wp\/v2\/types\/post"}],"author":[{"embeddable":true,"href":"https:\/\/agora.xtec.cat\/instarragona\/wp-json\/wp\/v2\/users\/1"}],"replies":[{"embeddable":true,"href":"https:\/\/agora.xtec.cat\/instarragona\/wp-json\/wp\/v2\/comments?post=6263"}],"version-history":[{"count":2,"href":"https:\/\/agora.xtec.cat\/instarragona\/wp-json\/wp\/v2\/posts\/6263\/revisions"}],"predecessor-version":[{"id":6266,"href":"https:\/\/agora.xtec.cat\/instarragona\/wp-json\/wp\/v2\/posts\/6263\/revisions\/6266"}],"wp:featuredmedia":[{"embeddable":true,"href":"https:\/\/agora.xtec.cat\/instarragona\/wp-json\/wp\/v2\/media\/6264"}],"wp:attachment":[{"href":"https:\/\/agora.xtec.cat\/instarragona\/wp-json\/wp\/v2\/media?parent=6263"}],"wp:term":[{"taxonomy":"category","embeddable":true,"href":"https:\/\/agora.xtec.cat\/instarragona\/wp-json\/wp\/v2\/categories?post=6263"},{"taxonomy":"post_tag","embeddable":true,"href":"https:\/\/agora.xtec.cat\/instarragona\/wp-json\/wp\/v2\/tags?post=6263"}],"curies":[{"name":"wp","href":"https:\/\/api.w.org\/{rel}","templated":true}]}}