{"id":6251,"date":"2025-05-16T11:49:08","date_gmt":"2025-05-16T09:49:08","guid":{"rendered":"https:\/\/agora.xtec.cat\/instarragona\/?p=6251"},"modified":"2025-05-16T11:50:08","modified_gmt":"2025-05-16T09:50:08","slug":"el-dia-deuropa-2","status":"publish","type":"post","link":"https:\/\/agora.xtec.cat\/instarragona\/eso\/eso-1\/el-dia-deuropa-2\/","title":{"rendered":"El Dia d&#8217;Europa"},"content":{"rendered":"<p>Els alumnes de 1r d&#8217;ESO, amb motiu del Dia d&#8217;Europa, van participar en una activitat organitzada per l&#8217;entitat Europa Direct. Aquesta activitat tenia com a objectiu estimular el pensament cr\u00edtic i aprendre eines senzilles de verificaci\u00f3. Es van organitzar tres equips i anaven resolent una s\u00e8rie de proves relacionades amb la desinformaci\u00f3 i amb Europa. Aquestes proves eren per aprendre a verificar fonts, per a aprendre a verificar imatges i unes altres sobre geolocalitzaci\u00f3 i coneixements b\u00e0sics sobre la Uni\u00f3 Europea.<\/p>\n<p style=\"text-align: center;\"><img loading=\"lazy\" decoding=\"async\" class=\"aligncenter size-full wp-image-6252\" src=\"https:\/\/agora.xtec.cat\/instarragona\/wp-content\/uploads\/usu484\/2025\/05\/Captura-de-pantalla-2025-05-16-114724.png\" alt=\"\" width=\"925\" height=\"679\" srcset=\"https:\/\/agora.xtec.cat\/instarragona\/wp-content\/uploads\/usu484\/2025\/05\/Captura-de-pantalla-2025-05-16-114724.png 925w, https:\/\/agora.xtec.cat\/instarragona\/wp-content\/uploads\/usu484\/2025\/05\/Captura-de-pantalla-2025-05-16-114724-300x220.png 300w, https:\/\/agora.xtec.cat\/instarragona\/wp-content\/uploads\/usu484\/2025\/05\/Captura-de-pantalla-2025-05-16-114724-768x564.png 768w\" sizes=\"auto, (max-width: 925px) 100vw, 925px\" \/><\/p>\n<p style=\"text-align: center;\"><img loading=\"lazy\" decoding=\"async\" class=\"aligncenter size-full wp-image-6253\" src=\"https:\/\/agora.xtec.cat\/instarragona\/wp-content\/uploads\/usu484\/2025\/05\/Captura-de-pantalla-2025-05-16-114802.png\" alt=\"\" width=\"513\" height=\"564\" srcset=\"https:\/\/agora.xtec.cat\/instarragona\/wp-content\/uploads\/usu484\/2025\/05\/Captura-de-pantalla-2025-05-16-114802.png 513w, https:\/\/agora.xtec.cat\/instarragona\/wp-content\/uploads\/usu484\/2025\/05\/Captura-de-pantalla-2025-05-16-114802-273x300.png 273w\" sizes=\"auto, (max-width: 513px) 100vw, 513px\" \/><\/p>\n","protected":false},"excerpt":{"rendered":"<p>Els alumnes de 1r d&#8217;ESO, amb motiu del Dia d&#8217;Europa, van participar en una activitat organitzada per l&#8217;entitat Europa Direct. Aquesta activitat tenia com a objectiu estimular el pensament cr\u00edtic i aprendre eines senzilles de verificaci\u00f3. Es van organitzar tres equips i anaven resolent una&hellip;  <a href=\"https:\/\/agora.xtec.cat\/instarragona\/eso\/eso-1\/el-dia-deuropa-2\/\" title=\"Read El Dia d&#8217;Europa\">Llegeix m\u00e9s\u00bb<\/a><\/p>\n","protected":false},"author":1,"featured_media":6255,"comment_status":"open","ping_status":"closed","sticky":false,"template":"","format":"standard","meta":{"_bbp_topic_count":0,"_bbp_reply_count":0,"_bbp_total_topic_count":0,"_bbp_total_reply_count":0,"_bbp_voice_count":0,"_bbp_anonymous_reply_count":0,"_bbp_topic_count_hidden":0,"_bbp_reply_count_hidden":0,"_bbp_forum_subforum_count":0,"footnotes":""},"categories":[4,29],"tags":[58],"class_list":["post-6251","post","type-post","status-publish","format-standard","has-post-thumbnail","hentry","category-eso-1","category-portada","tag-tallers"],"post_mailing_queue_ids":[],"_links":{"self":[{"href":"https:\/\/agora.xtec.cat\/instarragona\/wp-json\/wp\/v2\/posts\/6251","targetHints":{"allow":["GET"]}}],"collection":[{"href":"https:\/\/agora.xtec.cat\/instarragona\/wp-json\/wp\/v2\/posts"}],"about":[{"href":"https:\/\/agora.xtec.cat\/instarragona\/wp-json\/wp\/v2\/types\/post"}],"author":[{"embeddable":true,"href":"https:\/\/agora.xtec.cat\/instarragona\/wp-json\/wp\/v2\/users\/1"}],"replies":[{"embeddable":true,"href":"https:\/\/agora.xtec.cat\/instarragona\/wp-json\/wp\/v2\/comments?post=6251"}],"version-history":[{"count":1,"href":"https:\/\/agora.xtec.cat\/instarragona\/wp-json\/wp\/v2\/posts\/6251\/revisions"}],"predecessor-version":[{"id":6254,"href":"https:\/\/agora.xtec.cat\/instarragona\/wp-json\/wp\/v2\/posts\/6251\/revisions\/6254"}],"wp:featuredmedia":[{"embeddable":true,"href":"https:\/\/agora.xtec.cat\/instarragona\/wp-json\/wp\/v2\/media\/6255"}],"wp:attachment":[{"href":"https:\/\/agora.xtec.cat\/instarragona\/wp-json\/wp\/v2\/media?parent=6251"}],"wp:term":[{"taxonomy":"category","embeddable":true,"href":"https:\/\/agora.xtec.cat\/instarragona\/wp-json\/wp\/v2\/categories?post=6251"},{"taxonomy":"post_tag","embeddable":true,"href":"https:\/\/agora.xtec.cat\/instarragona\/wp-json\/wp\/v2\/tags?post=6251"}],"curies":[{"name":"wp","href":"https:\/\/api.w.org\/{rel}","templated":true}]}}