{"id":6198,"date":"2025-04-30T09:21:56","date_gmt":"2025-04-30T07:21:56","guid":{"rendered":"https:\/\/agora.xtec.cat\/instarragona\/?p=6198"},"modified":"2025-04-30T10:18:09","modified_gmt":"2025-04-30T08:18:09","slug":"lectura-dramatitzada-de-lodissea","status":"publish","type":"post","link":"https:\/\/agora.xtec.cat\/instarragona\/eso\/eso-4\/lectura-dramatitzada-de-lodissea\/","title":{"rendered":"Lectura dramatitzada de l&#8217;Odissea"},"content":{"rendered":"<p>Celebrem la Diada de Sant Jordi a l&#8217;Institut Tarragona amb la lectura dramatitzada de L&#8217;Odissea, de la Meritxell Blay, editada per Inukbooks. Un projecte de radionovel\u00b7la en p\u00f2dcast a c\u00e0rrec dels alumnes de #llat\u00ed de 4t d&#8217;ESO.<\/p>\n<p>Gr\u00e0cies a tothom, companys, equip directiu, alumnes i a la Meritxell Blay per fer possible la difusi\u00f3 del m\u00f3n cl\u00e0ssic a partir de la seva apassionant adaptaci\u00f3!!<\/p>\n<p>Si voleu sentir una part del resultat aqu\u00ed teniu els enlla\u00e7os: <strong><a href=\"https:\/\/drive.google.com\/file\/d\/1Ak0TN8SbFxreRXkhqThIhkZwlUCsprDR\/view?usp=sharing\" target=\"_blank\" rel=\"noopener\">cap\u00e7alera<\/a><\/strong> i\u00a0<strong><a href=\"https:\/\/drive.google.com\/file\/d\/11NhJfbqKSJAoqt06ETz9wZiUNRRGE6Te\/view?usp=sharing\" target=\"_blank\" rel=\"noopener\">cap\u00edtol 5<\/a><\/strong><\/p>\n<div class=\"yj6qo\" style=\"text-align: center;\"><img loading=\"lazy\" decoding=\"async\" class=\"aligncenter size-full wp-image-6200\" src=\"https:\/\/agora.xtec.cat\/instarragona\/wp-content\/uploads\/usu484\/2025\/04\/1-2.png\" alt=\"\" width=\"373\" height=\"404\" srcset=\"https:\/\/agora.xtec.cat\/instarragona\/wp-content\/uploads\/usu484\/2025\/04\/1-2.png 373w, https:\/\/agora.xtec.cat\/instarragona\/wp-content\/uploads\/usu484\/2025\/04\/1-2-277x300.png 277w\" sizes=\"auto, (max-width: 373px) 100vw, 373px\" \/><\/div>\n<div><\/div>\n<div style=\"text-align: center;\"><img loading=\"lazy\" decoding=\"async\" class=\"aligncenter size-full wp-image-6201\" src=\"https:\/\/agora.xtec.cat\/instarragona\/wp-content\/uploads\/usu484\/2025\/04\/2-3.png\" alt=\"\" width=\"701\" height=\"497\" srcset=\"https:\/\/agora.xtec.cat\/instarragona\/wp-content\/uploads\/usu484\/2025\/04\/2-3.png 701w, https:\/\/agora.xtec.cat\/instarragona\/wp-content\/uploads\/usu484\/2025\/04\/2-3-300x213.png 300w\" sizes=\"auto, (max-width: 701px) 100vw, 701px\" \/><\/div>\n","protected":false},"excerpt":{"rendered":"<p>Celebrem la Diada de Sant Jordi a l&#8217;Institut Tarragona amb la lectura dramatitzada de L&#8217;Odissea, de la Meritxell Blay, editada per Inukbooks. Un projecte de radionovel\u00b7la en p\u00f2dcast a c\u00e0rrec dels alumnes de #llat\u00ed de 4t d&#8217;ESO.<br \/>\nGr\u00e0cies a tothom, companys, equip directiu, alumnes i a&hellip;  <a href=\"https:\/\/agora.xtec.cat\/instarragona\/eso\/eso-4\/lectura-dramatitzada-de-lodissea\/\" title=\"Read Lectura dramatitzada de l&#8217;Odissea\">Llegeix m\u00e9s\u00bb<\/a><\/p>\n","protected":false},"author":1,"featured_media":6201,"comment_status":"open","ping_status":"closed","sticky":false,"template":"","format":"standard","meta":{"_bbp_topic_count":0,"_bbp_reply_count":0,"_bbp_total_topic_count":0,"_bbp_total_reply_count":0,"_bbp_voice_count":0,"_bbp_anonymous_reply_count":0,"_bbp_topic_count_hidden":0,"_bbp_reply_count_hidden":0,"_bbp_forum_subforum_count":0,"footnotes":""},"categories":[7,29],"tags":[108,144],"class_list":["post-6198","post","type-post","status-publish","format-standard","has-post-thumbnail","hentry","category-eso-4","category-portada","tag-activitats","tag-classiques"],"post_mailing_queue_ids":[],"_links":{"self":[{"href":"https:\/\/agora.xtec.cat\/instarragona\/wp-json\/wp\/v2\/posts\/6198","targetHints":{"allow":["GET"]}}],"collection":[{"href":"https:\/\/agora.xtec.cat\/instarragona\/wp-json\/wp\/v2\/posts"}],"about":[{"href":"https:\/\/agora.xtec.cat\/instarragona\/wp-json\/wp\/v2\/types\/post"}],"author":[{"embeddable":true,"href":"https:\/\/agora.xtec.cat\/instarragona\/wp-json\/wp\/v2\/users\/1"}],"replies":[{"embeddable":true,"href":"https:\/\/agora.xtec.cat\/instarragona\/wp-json\/wp\/v2\/comments?post=6198"}],"version-history":[{"count":5,"href":"https:\/\/agora.xtec.cat\/instarragona\/wp-json\/wp\/v2\/posts\/6198\/revisions"}],"predecessor-version":[{"id":6219,"href":"https:\/\/agora.xtec.cat\/instarragona\/wp-json\/wp\/v2\/posts\/6198\/revisions\/6219"}],"wp:featuredmedia":[{"embeddable":true,"href":"https:\/\/agora.xtec.cat\/instarragona\/wp-json\/wp\/v2\/media\/6201"}],"wp:attachment":[{"href":"https:\/\/agora.xtec.cat\/instarragona\/wp-json\/wp\/v2\/media?parent=6198"}],"wp:term":[{"taxonomy":"category","embeddable":true,"href":"https:\/\/agora.xtec.cat\/instarragona\/wp-json\/wp\/v2\/categories?post=6198"},{"taxonomy":"post_tag","embeddable":true,"href":"https:\/\/agora.xtec.cat\/instarragona\/wp-json\/wp\/v2\/tags?post=6198"}],"curies":[{"name":"wp","href":"https:\/\/api.w.org\/{rel}","templated":true}]}}