{"id":6170,"date":"2025-04-25T09:40:13","date_gmt":"2025-04-25T07:40:13","guid":{"rendered":"https:\/\/agora.xtec.cat\/instarragona\/?p=6170"},"modified":"2025-04-25T09:40:32","modified_gmt":"2025-04-25T07:40:32","slug":"un-sant-jordi-per-viure","status":"publish","type":"post","link":"https:\/\/agora.xtec.cat\/instarragona\/eso\/un-sant-jordi-per-viure\/","title":{"rendered":"Un Sant Jordi per viure!"},"content":{"rendered":"<p><img decoding=\"async\" class=\"an1\" draggable=\"false\" src=\"https:\/\/fonts.gstatic.com\/s\/e\/notoemoji\/16.0\/1f339\/32.png\" alt=\"\ud83c\udf39\" data-emoji=\"\ud83c\udf39\" aria-label=\"\ud83c\udf39\" \/><img decoding=\"async\" class=\"an1\" draggable=\"false\" src=\"https:\/\/fonts.gstatic.com\/s\/e\/notoemoji\/16.0\/1f4da\/32.png\" alt=\"\ud83d\udcda\" data-emoji=\"\ud83d\udcda\" aria-label=\"\ud83d\udcda\" \/> \u00a0<img decoding=\"async\" class=\"an1\" draggable=\"false\" src=\"https:\/\/fonts.gstatic.com\/s\/e\/notoemoji\/16.0\/1f4da\/32.png\" alt=\"\ud83d\udcda\" data-emoji=\"\ud83d\udcda\" aria-label=\"\ud83d\udcda\" \/><img decoding=\"async\" class=\"an1\" draggable=\"false\" src=\"https:\/\/fonts.gstatic.com\/s\/e\/notoemoji\/16.0\/1f339\/32.png\" alt=\"\ud83c\udf39\" data-emoji=\"\ud83c\udf39\" aria-label=\"\ud83c\udf39\" \/>Un any m\u00e9s hem gaudit de la diada de Sant Jordi a l&#8217;Institut Tarragona. Les activitats, variades i programades des de les diferents lleng\u00fces que s&#8217;imparteixen a l&#8217;institut han ocupat una bona part del dia d&#8217;avui. Destaquem la sessi\u00f3 de gravaci\u00f3 dels alumnes de 4t d&#8217;ESO de la Radionovel\u00b7la <i>L&#8217;Odissea <\/i>des del m\u00f3n cl\u00e0ssic i<i>\u00a0l&#8217;Obra de teatre\u00a0Romancero Gitano<\/i> de Federico Garc\u00eda Lorca des de castell\u00e0. Hem visitat la Rambla amb l&#8217;alumnat de batxillerat, hem repartit premis de poesia, de prosa, hem decorat el centre, un intercanvi de llibres&#8230; uff! Un no parar! Volem agrair a tot l&#8217;alumnat i professorat que ha ajudat a tenir un Sant Jordi ben rod\u00f3.<\/p>\n<p>Moltes felicitats a tots els que heu rebut premis:<\/p>\n<ul>\n<li dir=\"auto\">Premis literaris de lleng\u00fces amb la m\u00fasica en directe dels nostres artistes<\/li>\n<li dir=\"auto\">Premis a 2n de batxillerat pels seus excel\u00b7lents treballs de recerca<\/li>\n<li dir=\"auto\">A l\u2019alumnat de l\u2019aula d\u2019acollida intensiva pel seu gran esfor\u00e7<\/li>\n<li dir=\"auto\">Premi a la millor infografia de dona cient\u00edfica (3r d\u2019ESO)<\/li>\n<li dir=\"auto\">Premi al millor disseny de samarreta INSfira\u2019t<\/li>\n<li dir=\"auto\">Premi al millor disseny de portada i contraportada de l\u2019agenda del curs vinent<\/li>\n<\/ul>\n<h4>\ud83d\udc09 Les <a href=\"https:\/\/drive.google.com\/drive\/folders\/1qwV6ZmhTeuQIzfV93WPvgEUTnXlP0UeM?usp=sharing\" target=\"_blank\" rel=\"noopener\">imatges<\/a> de la jornada.<\/h4>\n<table style=\"border-collapse: collapse; width: 100%;\">\n<tbody>\n<tr>\n<td style=\"width: 50%; text-align: center;\"><img loading=\"lazy\" decoding=\"async\" class=\"aligncenter size-full wp-image-6189\" src=\"https:\/\/agora.xtec.cat\/instarragona\/wp-content\/uploads\/usu484\/2025\/04\/1-1.png\" alt=\"\" width=\"539\" height=\"492\" srcset=\"https:\/\/agora.xtec.cat\/instarragona\/wp-content\/uploads\/usu484\/2025\/04\/1-1.png 539w, https:\/\/agora.xtec.cat\/instarragona\/wp-content\/uploads\/usu484\/2025\/04\/1-1-300x274.png 300w\" sizes=\"auto, (max-width: 539px) 100vw, 539px\" \/><\/td>\n<td style=\"width: 50%; text-align: center;\"><img loading=\"lazy\" decoding=\"async\" class=\"aligncenter size-full wp-image-6191\" src=\"https:\/\/agora.xtec.cat\/instarragona\/wp-content\/uploads\/usu484\/2025\/04\/3-1.png\" alt=\"\" width=\"644\" height=\"487\" srcset=\"https:\/\/agora.xtec.cat\/instarragona\/wp-content\/uploads\/usu484\/2025\/04\/3-1.png 644w, https:\/\/agora.xtec.cat\/instarragona\/wp-content\/uploads\/usu484\/2025\/04\/3-1-300x227.png 300w, https:\/\/agora.xtec.cat\/instarragona\/wp-content\/uploads\/usu484\/2025\/04\/3-1-200x150.png 200w\" sizes=\"auto, (max-width: 644px) 100vw, 644px\" \/><\/td>\n<\/tr>\n<tr>\n<td style=\"width: 50%; text-align: center;\"><img loading=\"lazy\" decoding=\"async\" class=\"aligncenter size-full wp-image-6190\" src=\"https:\/\/agora.xtec.cat\/instarragona\/wp-content\/uploads\/usu484\/2025\/04\/2-2.png\" alt=\"\" width=\"372\" height=\"445\" srcset=\"https:\/\/agora.xtec.cat\/instarragona\/wp-content\/uploads\/usu484\/2025\/04\/2-2.png 372w, https:\/\/agora.xtec.cat\/instarragona\/wp-content\/uploads\/usu484\/2025\/04\/2-2-251x300.png 251w\" sizes=\"auto, (max-width: 372px) 100vw, 372px\" \/><\/td>\n<td style=\"width: 50%; text-align: center;\"><img loading=\"lazy\" decoding=\"async\" class=\"aligncenter size-full wp-image-6192\" src=\"https:\/\/agora.xtec.cat\/instarragona\/wp-content\/uploads\/usu484\/2025\/04\/4.png\" alt=\"\" width=\"363\" height=\"477\" srcset=\"https:\/\/agora.xtec.cat\/instarragona\/wp-content\/uploads\/usu484\/2025\/04\/4.png 363w, https:\/\/agora.xtec.cat\/instarragona\/wp-content\/uploads\/usu484\/2025\/04\/4-228x300.png 228w\" sizes=\"auto, (max-width: 363px) 100vw, 363px\" \/><\/td>\n<\/tr>\n<\/tbody>\n<\/table>\n<p>&nbsp;<\/p>\n","protected":false},"excerpt":{"rendered":"<p> \u00a0Un any m\u00e9s hem gaudit de la diada de Sant Jordi a l&#8217;Institut Tarragona. Les activitats, variades i programades des de les diferents lleng\u00fces que s&#8217;imparteixen a l&#8217;institut han ocupat una bona part del dia d&#8217;avui. Destaquem la sessi\u00f3 de gravaci\u00f3 dels alumnes de&hellip;  <a href=\"https:\/\/agora.xtec.cat\/instarragona\/eso\/un-sant-jordi-per-viure\/\" title=\"Read Un Sant Jordi per viure!\">Llegeix m\u00e9s\u00bb<\/a><\/p>\n","protected":false},"author":1,"featured_media":6191,"comment_status":"open","ping_status":"closed","sticky":false,"template":"","format":"standard","meta":{"_bbp_topic_count":0,"_bbp_reply_count":0,"_bbp_total_topic_count":0,"_bbp_total_reply_count":0,"_bbp_voice_count":0,"_bbp_anonymous_reply_count":0,"_bbp_topic_count_hidden":0,"_bbp_reply_count_hidden":0,"_bbp_forum_subforum_count":0,"footnotes":""},"categories":[8,3,29],"tags":[97],"class_list":["post-6170","post","type-post","status-publish","format-standard","has-post-thumbnail","hentry","category-batxillerat","category-eso","category-portada","tag-festes-i-activitats"],"post_mailing_queue_ids":[],"_links":{"self":[{"href":"https:\/\/agora.xtec.cat\/instarragona\/wp-json\/wp\/v2\/posts\/6170","targetHints":{"allow":["GET"]}}],"collection":[{"href":"https:\/\/agora.xtec.cat\/instarragona\/wp-json\/wp\/v2\/posts"}],"about":[{"href":"https:\/\/agora.xtec.cat\/instarragona\/wp-json\/wp\/v2\/types\/post"}],"author":[{"embeddable":true,"href":"https:\/\/agora.xtec.cat\/instarragona\/wp-json\/wp\/v2\/users\/1"}],"replies":[{"embeddable":true,"href":"https:\/\/agora.xtec.cat\/instarragona\/wp-json\/wp\/v2\/comments?post=6170"}],"version-history":[{"count":5,"href":"https:\/\/agora.xtec.cat\/instarragona\/wp-json\/wp\/v2\/posts\/6170\/revisions"}],"predecessor-version":[{"id":6193,"href":"https:\/\/agora.xtec.cat\/instarragona\/wp-json\/wp\/v2\/posts\/6170\/revisions\/6193"}],"wp:featuredmedia":[{"embeddable":true,"href":"https:\/\/agora.xtec.cat\/instarragona\/wp-json\/wp\/v2\/media\/6191"}],"wp:attachment":[{"href":"https:\/\/agora.xtec.cat\/instarragona\/wp-json\/wp\/v2\/media?parent=6170"}],"wp:term":[{"taxonomy":"category","embeddable":true,"href":"https:\/\/agora.xtec.cat\/instarragona\/wp-json\/wp\/v2\/categories?post=6170"},{"taxonomy":"post_tag","embeddable":true,"href":"https:\/\/agora.xtec.cat\/instarragona\/wp-json\/wp\/v2\/tags?post=6170"}],"curies":[{"name":"wp","href":"https:\/\/api.w.org\/{rel}","templated":true}]}}