{"id":6168,"date":"2025-04-25T09:39:39","date_gmt":"2025-04-25T07:39:39","guid":{"rendered":"https:\/\/agora.xtec.cat\/instarragona\/?p=6168"},"modified":"2025-04-25T09:39:39","modified_gmt":"2025-04-25T07:39:39","slug":"insfirat-2025","status":"publish","type":"post","link":"https:\/\/agora.xtec.cat\/instarragona\/eso\/insfirat-2025\/","title":{"rendered":"Insfira&#8217;t 2025"},"content":{"rendered":"<p>El passat divendres dia 11 d&#8217;abril, com ja \u00e9s tradici\u00f3 a l&#8217;Institut Tarragona, es va celebrar al parc francol\u00ed de la ciutat de Tarragona, l&#8217;Insfirat, una jornada l\u00fadicesportiva en la que els alumnes de primer, segon i tercer d&#8217;ESO van gaudir d&#8217;una gimcana organitzada i dirigida pels alumnes de tercer en la que van gaudir de diversos jocs aprofitant les zones esportives i els jardins. En acabar es va organitzar un cros per cursos.<\/p>\n<p>La jornada es va celebrar sense incidents i amb un meravell\u00f3s dia abans de les vacances de Setmana Santa.<\/p>\n<p style=\"text-align: center;\"><img loading=\"lazy\" decoding=\"async\" class=\"aligncenter size-full wp-image-6194\" src=\"https:\/\/agora.xtec.cat\/instarragona\/wp-content\/uploads\/usu484\/2025\/04\/Captura-2.png\" alt=\"\" width=\"629\" height=\"487\" srcset=\"https:\/\/agora.xtec.cat\/instarragona\/wp-content\/uploads\/usu484\/2025\/04\/Captura-2.png 629w, https:\/\/agora.xtec.cat\/instarragona\/wp-content\/uploads\/usu484\/2025\/04\/Captura-2-300x232.png 300w\" sizes=\"auto, (max-width: 629px) 100vw, 629px\" \/><\/p>\n<p style=\"text-align: center;\"><img loading=\"lazy\" decoding=\"async\" class=\"aligncenter size-full wp-image-6196\" src=\"https:\/\/agora.xtec.cat\/instarragona\/wp-content\/uploads\/usu484\/2025\/04\/1745566419850.jpg\" alt=\"\" width=\"1200\" height=\"1600\" srcset=\"https:\/\/agora.xtec.cat\/instarragona\/wp-content\/uploads\/usu484\/2025\/04\/1745566419850.jpg 1200w, https:\/\/agora.xtec.cat\/instarragona\/wp-content\/uploads\/usu484\/2025\/04\/1745566419850-225x300.jpg 225w, https:\/\/agora.xtec.cat\/instarragona\/wp-content\/uploads\/usu484\/2025\/04\/1745566419850-768x1024.jpg 768w, https:\/\/agora.xtec.cat\/instarragona\/wp-content\/uploads\/usu484\/2025\/04\/1745566419850-1152x1536.jpg 1152w\" sizes=\"auto, (max-width: 1200px) 100vw, 1200px\" \/><\/p>\n<p>M\u00e9s fotografies <strong><a href=\"https:\/\/drive.google.com\/drive\/folders\/12MFDXywBgS_9N1hUZmoIPQ3yi-SZ3t-6?usp=sharing\" target=\"_blank\" rel=\"noopener\">aqu\u00ed<\/a> <\/strong>mateix!<\/p>\n","protected":false},"excerpt":{"rendered":"<p>El passat divendres dia 11 d&#8217;abril, com ja \u00e9s tradici\u00f3 a l&#8217;Institut Tarragona, es va celebrar al parc francol\u00ed de la ciutat de Tarragona, l&#8217;Insfirat, una jornada l\u00fadicesportiva en la que els alumnes de primer, segon i tercer d&#8217;ESO van gaudir d&#8217;una gimcana organitzada i&hellip;  <a href=\"https:\/\/agora.xtec.cat\/instarragona\/eso\/insfirat-2025\/\" title=\"Read Insfira&#8217;t 2025\">Llegeix m\u00e9s\u00bb<\/a><\/p>\n","protected":false},"author":1,"featured_media":6194,"comment_status":"open","ping_status":"closed","sticky":false,"template":"","format":"standard","meta":{"_bbp_topic_count":0,"_bbp_reply_count":0,"_bbp_total_topic_count":0,"_bbp_total_reply_count":0,"_bbp_voice_count":0,"_bbp_anonymous_reply_count":0,"_bbp_topic_count_hidden":0,"_bbp_reply_count_hidden":0,"_bbp_forum_subforum_count":0,"footnotes":""},"categories":[3,29],"tags":[108,138],"class_list":["post-6168","post","type-post","status-publish","format-standard","has-post-thumbnail","hentry","category-eso","category-portada","tag-activitats","tag-ef"],"post_mailing_queue_ids":[],"_links":{"self":[{"href":"https:\/\/agora.xtec.cat\/instarragona\/wp-json\/wp\/v2\/posts\/6168","targetHints":{"allow":["GET"]}}],"collection":[{"href":"https:\/\/agora.xtec.cat\/instarragona\/wp-json\/wp\/v2\/posts"}],"about":[{"href":"https:\/\/agora.xtec.cat\/instarragona\/wp-json\/wp\/v2\/types\/post"}],"author":[{"embeddable":true,"href":"https:\/\/agora.xtec.cat\/instarragona\/wp-json\/wp\/v2\/users\/1"}],"replies":[{"embeddable":true,"href":"https:\/\/agora.xtec.cat\/instarragona\/wp-json\/wp\/v2\/comments?post=6168"}],"version-history":[{"count":3,"href":"https:\/\/agora.xtec.cat\/instarragona\/wp-json\/wp\/v2\/posts\/6168\/revisions"}],"predecessor-version":[{"id":6197,"href":"https:\/\/agora.xtec.cat\/instarragona\/wp-json\/wp\/v2\/posts\/6168\/revisions\/6197"}],"wp:featuredmedia":[{"embeddable":true,"href":"https:\/\/agora.xtec.cat\/instarragona\/wp-json\/wp\/v2\/media\/6194"}],"wp:attachment":[{"href":"https:\/\/agora.xtec.cat\/instarragona\/wp-json\/wp\/v2\/media?parent=6168"}],"wp:term":[{"taxonomy":"category","embeddable":true,"href":"https:\/\/agora.xtec.cat\/instarragona\/wp-json\/wp\/v2\/categories?post=6168"},{"taxonomy":"post_tag","embeddable":true,"href":"https:\/\/agora.xtec.cat\/instarragona\/wp-json\/wp\/v2\/tags?post=6168"}],"curies":[{"name":"wp","href":"https:\/\/api.w.org\/{rel}","templated":true}]}}