{"id":6160,"date":"2025-04-16T08:21:35","date_gmt":"2025-04-16T06:21:35","guid":{"rendered":"https:\/\/agora.xtec.cat\/instarragona\/?p=6160"},"modified":"2025-04-16T08:23:02","modified_gmt":"2025-04-16T06:23:02","slug":"viatge-a-italia-amb-el-batxillerat","status":"publish","type":"post","link":"https:\/\/agora.xtec.cat\/instarragona\/batxillerat\/viatge-a-italia-amb-el-batxillerat\/","title":{"rendered":"Viatge a It\u00e0lia amb el Batxillerat"},"content":{"rendered":"<p>Les imatges reflecteixen l&#8217;intens tomb per It\u00e0lia que l&#8217;alumnat de 1r de Batxillerat ha pogut gaudir durant la setmana pr\u00e8via a les vacances.<\/p>\n<p dir=\"auto\">&#8220;Sto bene&#8221;, aquesta ha estat la resposta m\u00e9s habitual que hem sentit aquests dies, ja sigui des del fam\u00f3s Balc\u00f3 de Romeu i Julieta a Verona, com gaudint de la posta de Sol al mirador de Flor\u00e8ncia, o assaborint un gelato a Lucca&#8230;Tamb\u00e9 hem tingut temps per culturitzar-nos a la Galleria degli Uffizi de Flor\u00e8ncia o la Galeria d&#8217;Art de Ven\u00e8cia! I com a colof\u00f3 final, hem passejat pels m\u00e0gics canals de la capital de la regi\u00f3 del V\u00e9neto en g\u00f3ndola!<\/p>\n<p dir=\"auto\">Alla prossima avventura!<\/p>\n<p dir=\"auto\" style=\"text-align: center;\"><a href=\"https:\/\/drive.google.com\/file\/d\/10KpIYQ09pPpcbICDFnHnO9h1XTsm3GsG\/view?usp=drive_link\" target=\"_blank\" rel=\"noopener\"><img loading=\"lazy\" decoding=\"async\" class=\"aligncenter wp-image-6163 size-full\" src=\"https:\/\/agora.xtec.cat\/instarragona\/wp-content\/uploads\/usu484\/2025\/04\/Captura-de-pantalla-2025-04-16-081913.png\" alt=\"\" width=\"1221\" height=\"660\" srcset=\"https:\/\/agora.xtec.cat\/instarragona\/wp-content\/uploads\/usu484\/2025\/04\/Captura-de-pantalla-2025-04-16-081913.png 1221w, https:\/\/agora.xtec.cat\/instarragona\/wp-content\/uploads\/usu484\/2025\/04\/Captura-de-pantalla-2025-04-16-081913-300x162.png 300w, https:\/\/agora.xtec.cat\/instarragona\/wp-content\/uploads\/usu484\/2025\/04\/Captura-de-pantalla-2025-04-16-081913-1024x554.png 1024w, https:\/\/agora.xtec.cat\/instarragona\/wp-content\/uploads\/usu484\/2025\/04\/Captura-de-pantalla-2025-04-16-081913-768x415.png 768w\" sizes=\"auto, (max-width: 1221px) 100vw, 1221px\" \/><\/a><\/p>\n","protected":false},"excerpt":{"rendered":"<p>Les imatges reflecteixen l&#8217;intens tomb per It\u00e0lia que l&#8217;alumnat de 1r de Batxillerat ha pogut gaudir durant la setmana pr\u00e8via a les vacances.<br \/>\n&#8220;Sto bene&#8221;, aquesta ha estat la resposta m\u00e9s habitual que hem sentit aquests dies, ja sigui des del fam\u00f3s Balc\u00f3 de Romeu i&hellip;  <a href=\"https:\/\/agora.xtec.cat\/instarragona\/batxillerat\/viatge-a-italia-amb-el-batxillerat\/\" title=\"Read Viatge a It\u00e0lia amb el Batxillerat\">Llegeix m\u00e9s\u00bb<\/a><\/p>\n","protected":false},"author":1,"featured_media":6162,"comment_status":"open","ping_status":"closed","sticky":false,"template":"","format":"standard","meta":{"_bbp_topic_count":0,"_bbp_reply_count":0,"_bbp_total_topic_count":0,"_bbp_total_reply_count":0,"_bbp_voice_count":0,"_bbp_anonymous_reply_count":0,"_bbp_topic_count_hidden":0,"_bbp_reply_count_hidden":0,"_bbp_forum_subforum_count":0,"footnotes":""},"categories":[8,29],"tags":[39],"class_list":["post-6160","post","type-post","status-publish","format-standard","has-post-thumbnail","hentry","category-batxillerat","category-portada","tag-sortides"],"post_mailing_queue_ids":[],"_links":{"self":[{"href":"https:\/\/agora.xtec.cat\/instarragona\/wp-json\/wp\/v2\/posts\/6160","targetHints":{"allow":["GET"]}}],"collection":[{"href":"https:\/\/agora.xtec.cat\/instarragona\/wp-json\/wp\/v2\/posts"}],"about":[{"href":"https:\/\/agora.xtec.cat\/instarragona\/wp-json\/wp\/v2\/types\/post"}],"author":[{"embeddable":true,"href":"https:\/\/agora.xtec.cat\/instarragona\/wp-json\/wp\/v2\/users\/1"}],"replies":[{"embeddable":true,"href":"https:\/\/agora.xtec.cat\/instarragona\/wp-json\/wp\/v2\/comments?post=6160"}],"version-history":[{"count":2,"href":"https:\/\/agora.xtec.cat\/instarragona\/wp-json\/wp\/v2\/posts\/6160\/revisions"}],"predecessor-version":[{"id":6165,"href":"https:\/\/agora.xtec.cat\/instarragona\/wp-json\/wp\/v2\/posts\/6160\/revisions\/6165"}],"wp:featuredmedia":[{"embeddable":true,"href":"https:\/\/agora.xtec.cat\/instarragona\/wp-json\/wp\/v2\/media\/6162"}],"wp:attachment":[{"href":"https:\/\/agora.xtec.cat\/instarragona\/wp-json\/wp\/v2\/media?parent=6160"}],"wp:term":[{"taxonomy":"category","embeddable":true,"href":"https:\/\/agora.xtec.cat\/instarragona\/wp-json\/wp\/v2\/categories?post=6160"},{"taxonomy":"post_tag","embeddable":true,"href":"https:\/\/agora.xtec.cat\/instarragona\/wp-json\/wp\/v2\/tags?post=6160"}],"curies":[{"name":"wp","href":"https:\/\/api.w.org\/{rel}","templated":true}]}}