{"id":6154,"date":"2025-04-15T10:04:40","date_gmt":"2025-04-15T08:04:40","guid":{"rendered":"https:\/\/agora.xtec.cat\/instarragona\/?p=6154"},"modified":"2025-04-15T10:04:40","modified_gmt":"2025-04-15T08:04:40","slug":"intercanvi-linguistic-a-suecia","status":"publish","type":"post","link":"https:\/\/agora.xtec.cat\/instarragona\/eso\/eso-3\/intercanvi-linguistic-a-suecia\/","title":{"rendered":"Intercanvi ling\u00fc\u00edstic a Su\u00e8cia"},"content":{"rendered":"<p>La nostra experi\u00e8ncia a Su\u00e8cia: inoblidable!<\/p>\n<p>Dimarts passat vam tornar de l&#8217;intercanvi a Su\u00e8cia i&#8230; uau! Ha estat una experi\u00e8ncia que no oblidarem mai. Hem retrobat les nostres parelles d&#8217;intercanvi, hem viscut el dia a dia amb elles i les seves fam\u00edlies i, sobretot, hem practicat molt l\u2019angl\u00e8s.<\/p>\n<p>Al principi ens feia una mica de respecte viatjar tan lluny i conviure una setmana all\u00e0, per\u00f2 de seguida ens vam sentir molt ben acollits. Els suecs s\u00f3n molt amables i tenen una manera de fer diferent, per\u00f2 molt interessant. Hem apr\u00e8s molt de la seva cultura, la seva organitzaci\u00f3 i fins i tot de com viuen el fred, els quatre \u00faltims dies!<\/p>\n<p>Durant l\u2019estada vam fer moltes activitats, tant a l\u2019escola com fora. Hem visitat llocs incre\u00efbles, hem tastat menjars t\u00edpics a les cases i ens hem adonat que, tot i les difer\u00e8ncies, tenim moltes coses en com\u00fa.<\/p>\n<p>Tornem amb la maleta plena d\u2019an\u00e8cdotes, bons records i ganes de repetir una experi\u00e8ncia com aquesta.<\/p>\n<p>Recomanem a tothom que pugui fer un intercanvi: \u00e9s una manera genial d\u2019aprendre, cr\u00e9ixer i obrir la ment al m\u00f3n!<\/p>\n<table style=\"border-collapse: collapse; width: 100%;\">\n<tbody>\n<tr>\n<td style=\"width: 33.3333%; text-align: center;\"><img loading=\"lazy\" decoding=\"async\" class=\"aligncenter size-full wp-image-6155\" src=\"https:\/\/agora.xtec.cat\/instarragona\/wp-content\/uploads\/usu484\/2025\/04\/Captura-de-pantalla-2025-04-15-095643.png\" alt=\"\" width=\"1237\" height=\"696\" srcset=\"https:\/\/agora.xtec.cat\/instarragona\/wp-content\/uploads\/usu484\/2025\/04\/Captura-de-pantalla-2025-04-15-095643.png 1237w, https:\/\/agora.xtec.cat\/instarragona\/wp-content\/uploads\/usu484\/2025\/04\/Captura-de-pantalla-2025-04-15-095643-300x169.png 300w, https:\/\/agora.xtec.cat\/instarragona\/wp-content\/uploads\/usu484\/2025\/04\/Captura-de-pantalla-2025-04-15-095643-1024x576.png 1024w, https:\/\/agora.xtec.cat\/instarragona\/wp-content\/uploads\/usu484\/2025\/04\/Captura-de-pantalla-2025-04-15-095643-768x432.png 768w\" sizes=\"auto, (max-width: 1237px) 100vw, 1237px\" \/><\/td>\n<td style=\"width: 33.3333%; text-align: center;\"><img loading=\"lazy\" decoding=\"async\" class=\"aligncenter  wp-image-6156\" src=\"https:\/\/agora.xtec.cat\/instarragona\/wp-content\/uploads\/usu484\/2025\/04\/IMG-20250405-WA0053.jpg\" alt=\"\" width=\"307\" height=\"230\" srcset=\"https:\/\/agora.xtec.cat\/instarragona\/wp-content\/uploads\/usu484\/2025\/04\/IMG-20250405-WA0053.jpg 1600w, https:\/\/agora.xtec.cat\/instarragona\/wp-content\/uploads\/usu484\/2025\/04\/IMG-20250405-WA0053-300x225.jpg 300w, https:\/\/agora.xtec.cat\/instarragona\/wp-content\/uploads\/usu484\/2025\/04\/IMG-20250405-WA0053-1024x768.jpg 1024w, https:\/\/agora.xtec.cat\/instarragona\/wp-content\/uploads\/usu484\/2025\/04\/IMG-20250405-WA0053-768x576.jpg 768w, https:\/\/agora.xtec.cat\/instarragona\/wp-content\/uploads\/usu484\/2025\/04\/IMG-20250405-WA0053-1536x1152.jpg 1536w, https:\/\/agora.xtec.cat\/instarragona\/wp-content\/uploads\/usu484\/2025\/04\/IMG-20250405-WA0053-200x150.jpg 200w\" sizes=\"auto, (max-width: 307px) 100vw, 307px\" \/><\/td>\n<\/tr>\n<tr>\n<td style=\"width: 33.3333%; text-align: center;\"><img loading=\"lazy\" decoding=\"async\" class=\"aligncenter size-full wp-image-6157\" src=\"https:\/\/agora.xtec.cat\/instarragona\/wp-content\/uploads\/usu484\/2025\/04\/Captura-de-pantalla-2025-04-15-100327.png\" alt=\"\" width=\"517\" height=\"409\" srcset=\"https:\/\/agora.xtec.cat\/instarragona\/wp-content\/uploads\/usu484\/2025\/04\/Captura-de-pantalla-2025-04-15-100327.png 517w, https:\/\/agora.xtec.cat\/instarragona\/wp-content\/uploads\/usu484\/2025\/04\/Captura-de-pantalla-2025-04-15-100327-300x237.png 300w\" sizes=\"auto, (max-width: 517px) 100vw, 517px\" \/><\/td>\n<td style=\"width: 33.3333%; text-align: center;\"><img loading=\"lazy\" decoding=\"async\" class=\"aligncenter size-full wp-image-6158\" src=\"https:\/\/agora.xtec.cat\/instarragona\/wp-content\/uploads\/usu484\/2025\/04\/Captura-de-pantalla-2025-04-15-100346.png\" alt=\"\" width=\"955\" height=\"574\" srcset=\"https:\/\/agora.xtec.cat\/instarragona\/wp-content\/uploads\/usu484\/2025\/04\/Captura-de-pantalla-2025-04-15-100346.png 955w, https:\/\/agora.xtec.cat\/instarragona\/wp-content\/uploads\/usu484\/2025\/04\/Captura-de-pantalla-2025-04-15-100346-300x180.png 300w, https:\/\/agora.xtec.cat\/instarragona\/wp-content\/uploads\/usu484\/2025\/04\/Captura-de-pantalla-2025-04-15-100346-768x462.png 768w\" sizes=\"auto, (max-width: 955px) 100vw, 955px\" \/><\/td>\n<\/tr>\n<\/tbody>\n<\/table>\n<p style=\"text-align: center;\">Totes les fotos <strong><a href=\"https:\/\/drive.google.com\/drive\/folders\/1ACqRM4NBt22T40uQlfewf1X6pmnVKmPL?usp=sharing\" target=\"_blank\" rel=\"noopener\">aqu\u00ed<\/a><\/strong>!!!<\/p>\n","protected":false},"excerpt":{"rendered":"<p>La nostra experi\u00e8ncia a Su\u00e8cia: inoblidable!<br \/>\nDimarts passat vam tornar de l&#8217;intercanvi a Su\u00e8cia i&#8230; uau! Ha estat una experi\u00e8ncia que no oblidarem mai. Hem retrobat les nostres parelles d&#8217;intercanvi, hem viscut el dia a dia amb elles i les seves fam\u00edlies i, sobretot, hem practicat&hellip;  <a href=\"https:\/\/agora.xtec.cat\/instarragona\/eso\/eso-3\/intercanvi-linguistic-a-suecia\/\" title=\"Read Intercanvi ling\u00fc\u00edstic a Su\u00e8cia\">Llegeix m\u00e9s\u00bb<\/a><\/p>\n","protected":false},"author":1,"featured_media":6155,"comment_status":"open","ping_status":"closed","sticky":false,"template":"","format":"standard","meta":{"_bbp_topic_count":0,"_bbp_reply_count":0,"_bbp_total_topic_count":0,"_bbp_total_reply_count":0,"_bbp_voice_count":0,"_bbp_anonymous_reply_count":0,"_bbp_topic_count_hidden":0,"_bbp_reply_count_hidden":0,"_bbp_forum_subforum_count":0,"footnotes":""},"categories":[6,29],"tags":[42,105],"class_list":["post-6154","post","type-post","status-publish","format-standard","has-post-thumbnail","hentry","category-eso-3","category-portada","tag-angles","tag-intercanvis"],"post_mailing_queue_ids":[],"_links":{"self":[{"href":"https:\/\/agora.xtec.cat\/instarragona\/wp-json\/wp\/v2\/posts\/6154","targetHints":{"allow":["GET"]}}],"collection":[{"href":"https:\/\/agora.xtec.cat\/instarragona\/wp-json\/wp\/v2\/posts"}],"about":[{"href":"https:\/\/agora.xtec.cat\/instarragona\/wp-json\/wp\/v2\/types\/post"}],"author":[{"embeddable":true,"href":"https:\/\/agora.xtec.cat\/instarragona\/wp-json\/wp\/v2\/users\/1"}],"replies":[{"embeddable":true,"href":"https:\/\/agora.xtec.cat\/instarragona\/wp-json\/wp\/v2\/comments?post=6154"}],"version-history":[{"count":1,"href":"https:\/\/agora.xtec.cat\/instarragona\/wp-json\/wp\/v2\/posts\/6154\/revisions"}],"predecessor-version":[{"id":6159,"href":"https:\/\/agora.xtec.cat\/instarragona\/wp-json\/wp\/v2\/posts\/6154\/revisions\/6159"}],"wp:featuredmedia":[{"embeddable":true,"href":"https:\/\/agora.xtec.cat\/instarragona\/wp-json\/wp\/v2\/media\/6155"}],"wp:attachment":[{"href":"https:\/\/agora.xtec.cat\/instarragona\/wp-json\/wp\/v2\/media?parent=6154"}],"wp:term":[{"taxonomy":"category","embeddable":true,"href":"https:\/\/agora.xtec.cat\/instarragona\/wp-json\/wp\/v2\/categories?post=6154"},{"taxonomy":"post_tag","embeddable":true,"href":"https:\/\/agora.xtec.cat\/instarragona\/wp-json\/wp\/v2\/tags?post=6154"}],"curies":[{"name":"wp","href":"https:\/\/api.w.org\/{rel}","templated":true}]}}