{"id":6146,"date":"2025-04-15T09:36:36","date_gmt":"2025-04-15T07:36:36","guid":{"rendered":"https:\/\/agora.xtec.cat\/instarragona\/?p=6146"},"modified":"2025-04-15T09:37:39","modified_gmt":"2025-04-15T07:37:39","slug":"taller-de-catala-basic-a-laa","status":"publish","type":"post","link":"https:\/\/agora.xtec.cat\/instarragona\/general\/taller-de-catala-basic-a-laa\/","title":{"rendered":"Taller de catal\u00e0 b\u00e0sic a l&#8217;AA"},"content":{"rendered":"<p>Durant aquests darrers dies ens han visitat alumnes d&#8217;Alemanya en motiu de l&#8217;intercanvi ling\u00fc\u00edstic.<\/p>\n<p>Els alumnes de l&#8217;aula d&#8217;acollida intensiva han ofert un petit <a href=\"https:\/\/drive.google.com\/drive\/folders\/1jPCnXrNehzxOksCYZR08gefCof9-1uDn?usp=drive_link\" target=\"_blank\" rel=\"noopener\">taller<\/a> de catal\u00e0 b\u00e0sic a aquests alumnes alemanys. Una experi\u00e8ncia d&#8217;all\u00f2 m\u00e9s enriquidora per a tots ells.<\/p>\n<p style=\"text-align: center;\"><img loading=\"lazy\" decoding=\"async\" class=\"aligncenter size-full wp-image-6147\" src=\"https:\/\/agora.xtec.cat\/instarragona\/wp-content\/uploads\/usu484\/2025\/04\/Captura-de-pantalla-2025-04-15-093434.png\" alt=\"\" width=\"882\" height=\"499\" srcset=\"https:\/\/agora.xtec.cat\/instarragona\/wp-content\/uploads\/usu484\/2025\/04\/Captura-de-pantalla-2025-04-15-093434.png 882w, https:\/\/agora.xtec.cat\/instarragona\/wp-content\/uploads\/usu484\/2025\/04\/Captura-de-pantalla-2025-04-15-093434-300x170.png 300w, https:\/\/agora.xtec.cat\/instarragona\/wp-content\/uploads\/usu484\/2025\/04\/Captura-de-pantalla-2025-04-15-093434-768x435.png 768w\" sizes=\"auto, (max-width: 882px) 100vw, 882px\" \/><\/p>\n","protected":false},"excerpt":{"rendered":"<p>Durant aquests darrers dies ens han visitat alumnes d&#8217;Alemanya en motiu de l&#8217;intercanvi ling\u00fc\u00edstic.<br \/>\nEls alumnes de l&#8217;aula d&#8217;acollida intensiva han ofert un petit <a href=\"https:\/\/drive.google.com\/drive\/folders\/1jPCnXrNehzxOksCYZR08gefCof9-1uDn?usp=drive_link\" target=\"_blank\" rel=\"noopener\">taller<\/a> de catal\u00e0 b\u00e0sic a aquests alumnes alemanys. Una experi\u00e8ncia d&#8217;all\u00f2 m\u00e9s enriquidora per a tots ells.<\/p>\n","protected":false},"author":1,"featured_media":6147,"comment_status":"open","ping_status":"closed","sticky":false,"template":"","format":"standard","meta":{"_bbp_topic_count":0,"_bbp_reply_count":0,"_bbp_total_topic_count":0,"_bbp_total_reply_count":0,"_bbp_voice_count":0,"_bbp_anonymous_reply_count":0,"_bbp_topic_count_hidden":0,"_bbp_reply_count_hidden":0,"_bbp_forum_subforum_count":0,"footnotes":""},"categories":[1,29],"tags":[128,105],"class_list":["post-6146","post","type-post","status-publish","format-standard","has-post-thumbnail","hentry","category-general","category-portada","tag-aula-acollida","tag-intercanvis"],"post_mailing_queue_ids":[],"_links":{"self":[{"href":"https:\/\/agora.xtec.cat\/instarragona\/wp-json\/wp\/v2\/posts\/6146","targetHints":{"allow":["GET"]}}],"collection":[{"href":"https:\/\/agora.xtec.cat\/instarragona\/wp-json\/wp\/v2\/posts"}],"about":[{"href":"https:\/\/agora.xtec.cat\/instarragona\/wp-json\/wp\/v2\/types\/post"}],"author":[{"embeddable":true,"href":"https:\/\/agora.xtec.cat\/instarragona\/wp-json\/wp\/v2\/users\/1"}],"replies":[{"embeddable":true,"href":"https:\/\/agora.xtec.cat\/instarragona\/wp-json\/wp\/v2\/comments?post=6146"}],"version-history":[{"count":1,"href":"https:\/\/agora.xtec.cat\/instarragona\/wp-json\/wp\/v2\/posts\/6146\/revisions"}],"predecessor-version":[{"id":6148,"href":"https:\/\/agora.xtec.cat\/instarragona\/wp-json\/wp\/v2\/posts\/6146\/revisions\/6148"}],"wp:featuredmedia":[{"embeddable":true,"href":"https:\/\/agora.xtec.cat\/instarragona\/wp-json\/wp\/v2\/media\/6147"}],"wp:attachment":[{"href":"https:\/\/agora.xtec.cat\/instarragona\/wp-json\/wp\/v2\/media?parent=6146"}],"wp:term":[{"taxonomy":"category","embeddable":true,"href":"https:\/\/agora.xtec.cat\/instarragona\/wp-json\/wp\/v2\/categories?post=6146"},{"taxonomy":"post_tag","embeddable":true,"href":"https:\/\/agora.xtec.cat\/instarragona\/wp-json\/wp\/v2\/tags?post=6146"}],"curies":[{"name":"wp","href":"https:\/\/api.w.org\/{rel}","templated":true}]}}