{"id":6138,"date":"2025-04-15T09:24:54","date_gmt":"2025-04-15T07:24:54","guid":{"rendered":"https:\/\/agora.xtec.cat\/instarragona\/?p=6138"},"modified":"2025-04-15T09:25:29","modified_gmt":"2025-04-15T07:25:29","slug":"concurs-de-lectura-en-veu-alta","status":"publish","type":"post","link":"https:\/\/agora.xtec.cat\/instarragona\/eso\/eso-1\/concurs-de-lectura-en-veu-alta\/","title":{"rendered":"Concurs de lectura en veu alta"},"content":{"rendered":"<p>L&#8217;\u00c8ric Grau Pinent de 1r d&#8217;ESO ha participat en la semifinal del XXI\u00e8 <strong><a href=\"https:\/\/www.lecturaenveualta.cat\/\" target=\"_blank\" rel=\"noopener\">Certamen de Lectura en Veu Alta<\/a><\/strong>, en la categoria Corsaris (1r\/2n d&#8217;ESO), duta a terme al Teatre Municipal Orfe\u00f3 Canong\u00ed de La Canonja. Malgrat que no s&#8217;ha pogut classificar per a la fase final, ha llegit molt b\u00e9 i ha rebut un diploma acreditatiu i un llibre de lectura. Enhorabona \u00c8ric! A seguir gaudint del plaer de la lectura!<\/p>\n<p style=\"text-align: center;\"><img loading=\"lazy\" decoding=\"async\" class=\"aligncenter size-full wp-image-6139\" src=\"https:\/\/agora.xtec.cat\/instarragona\/wp-content\/uploads\/usu484\/2025\/04\/Captura-de-pantalla-2025-04-15-092241.png\" alt=\"\" width=\"829\" height=\"562\" srcset=\"https:\/\/agora.xtec.cat\/instarragona\/wp-content\/uploads\/usu484\/2025\/04\/Captura-de-pantalla-2025-04-15-092241.png 829w, https:\/\/agora.xtec.cat\/instarragona\/wp-content\/uploads\/usu484\/2025\/04\/Captura-de-pantalla-2025-04-15-092241-300x203.png 300w, https:\/\/agora.xtec.cat\/instarragona\/wp-content\/uploads\/usu484\/2025\/04\/Captura-de-pantalla-2025-04-15-092241-768x521.png 768w\" sizes=\"auto, (max-width: 829px) 100vw, 829px\" \/><\/p>\n","protected":false},"excerpt":{"rendered":"<p>L&#8217;\u00c8ric Grau Pinent de 1r d&#8217;ESO ha participat en la semifinal del XXI\u00e8 <a href=\"https:\/\/www.lecturaenveualta.cat\/\" target=\"_blank\" rel=\"noopener\">Certamen de Lectura en Veu Alta<\/a>, en la categoria Corsaris (1r\/2n d&#8217;ESO), duta a terme al Teatre Municipal Orfe\u00f3 Canong\u00ed de La Canonja. Malgrat que no s&#8217;ha pogut classificar&hellip;  <a href=\"https:\/\/agora.xtec.cat\/instarragona\/eso\/eso-1\/concurs-de-lectura-en-veu-alta\/\" title=\"Read Concurs de lectura en veu alta\">Llegeix m\u00e9s\u00bb<\/a><\/p>\n","protected":false},"author":1,"featured_media":6139,"comment_status":"open","ping_status":"closed","sticky":false,"template":"","format":"standard","meta":{"_bbp_topic_count":0,"_bbp_reply_count":0,"_bbp_total_topic_count":0,"_bbp_total_reply_count":0,"_bbp_voice_count":0,"_bbp_anonymous_reply_count":0,"_bbp_topic_count_hidden":0,"_bbp_reply_count_hidden":0,"_bbp_forum_subforum_count":0,"footnotes":""},"categories":[4,29],"tags":[119,104],"class_list":["post-6138","post","type-post","status-publish","format-standard","has-post-thumbnail","hentry","category-eso-1","category-portada","tag-catala","tag-concursos"],"post_mailing_queue_ids":[],"_links":{"self":[{"href":"https:\/\/agora.xtec.cat\/instarragona\/wp-json\/wp\/v2\/posts\/6138","targetHints":{"allow":["GET"]}}],"collection":[{"href":"https:\/\/agora.xtec.cat\/instarragona\/wp-json\/wp\/v2\/posts"}],"about":[{"href":"https:\/\/agora.xtec.cat\/instarragona\/wp-json\/wp\/v2\/types\/post"}],"author":[{"embeddable":true,"href":"https:\/\/agora.xtec.cat\/instarragona\/wp-json\/wp\/v2\/users\/1"}],"replies":[{"embeddable":true,"href":"https:\/\/agora.xtec.cat\/instarragona\/wp-json\/wp\/v2\/comments?post=6138"}],"version-history":[{"count":2,"href":"https:\/\/agora.xtec.cat\/instarragona\/wp-json\/wp\/v2\/posts\/6138\/revisions"}],"predecessor-version":[{"id":6141,"href":"https:\/\/agora.xtec.cat\/instarragona\/wp-json\/wp\/v2\/posts\/6138\/revisions\/6141"}],"wp:featuredmedia":[{"embeddable":true,"href":"https:\/\/agora.xtec.cat\/instarragona\/wp-json\/wp\/v2\/media\/6139"}],"wp:attachment":[{"href":"https:\/\/agora.xtec.cat\/instarragona\/wp-json\/wp\/v2\/media?parent=6138"}],"wp:term":[{"taxonomy":"category","embeddable":true,"href":"https:\/\/agora.xtec.cat\/instarragona\/wp-json\/wp\/v2\/categories?post=6138"},{"taxonomy":"post_tag","embeddable":true,"href":"https:\/\/agora.xtec.cat\/instarragona\/wp-json\/wp\/v2\/tags?post=6138"}],"curies":[{"name":"wp","href":"https:\/\/api.w.org\/{rel}","templated":true}]}}