{"id":6118,"date":"2025-04-02T11:56:31","date_gmt":"2025-04-02T09:56:31","guid":{"rendered":"https:\/\/agora.xtec.cat\/instarragona\/?p=6118"},"modified":"2025-04-02T11:56:31","modified_gmt":"2025-04-02T09:56:31","slug":"orientacio-al-siei","status":"publish","type":"post","link":"https:\/\/agora.xtec.cat\/instarragona\/eso\/orientacio-al-siei\/","title":{"rendered":"Orientaci\u00f3 al SIEI"},"content":{"rendered":"<p>Els alumnes de 3r i 4t d&#8217;ESO del SIEI hem estat treballant durant el mes de mar\u00e7 els diferents itineraris als que podem optar un cop acabada l&#8217;ESO i, per a complimentar el que hem treballat a tutoria a les nostres classes i el que ens han explicat les professores del SIEI, hem fet dues sortides per con\u00e8ixer millor els estudis post-obligatoris.<\/p>\n<p>El 12 de mar\u00e7 vam anar al Complex Educatiu i vam veure de primera m\u00e0 els aspectes principals que es treballen a l&#8217;IFE\u00a0de l&#8217;INS Cal\u00b7l\u00edpolis,\u00a0<i>Auxiliar en manteniment d&#8217;instal\u00b7lacions esportives<\/i>. Tamb\u00e9 van con\u00e8ixer diversos PFI i CGFM\u00a0de l&#8217;Institut Pere Martell. Va ser una sortida ben profitosa!<\/p>\n<p>Seguint amb els itineraris post-obligatoris, el divendres 28 de mar\u00e7 vam anar a Reus a visitar els dos IFE d&#8217;aquesta ciutat.\u00a0\u00a0A l&#8217;Institut Dom\u00e8nech i Montaner van con\u00e8ixer l&#8217;IFE <i>d&#8217;Auxiliar en vendes i atenci\u00f3 al p\u00fablic\u00a0<\/i>i a l&#8217;INS Gaud\u00ed els mateixos alumnes de lIFE van fer una interessant presentaci\u00f3 de les activitats que fan a l&#8217;IFE\u00a0d&#8217;<i>Auxiliar en cura d&#8217;animals i espais verds\u00a0<\/i>i ens vam emportar cap a casa una torreta feta de material org\u00e0nic.<\/p>\n<p>Ara ja tenim les idees m\u00e9s clares sobre qu\u00e8 podem fer en acabar l&#8217;ESO!<\/p>\n<p style=\"text-align: center;\"><img loading=\"lazy\" decoding=\"async\" class=\"aligncenter size-full wp-image-6119\" src=\"https:\/\/agora.xtec.cat\/instarragona\/wp-content\/uploads\/usu484\/2025\/04\/Captura-1.png\" alt=\"\" width=\"483\" height=\"628\" srcset=\"https:\/\/agora.xtec.cat\/instarragona\/wp-content\/uploads\/usu484\/2025\/04\/Captura-1.png 483w, https:\/\/agora.xtec.cat\/instarragona\/wp-content\/uploads\/usu484\/2025\/04\/Captura-1-231x300.png 231w\" sizes=\"auto, (max-width: 483px) 100vw, 483px\" \/><\/p>\n","protected":false},"excerpt":{"rendered":"<p>Els alumnes de 3r i 4t d&#8217;ESO del SIEI hem estat treballant durant el mes de mar\u00e7 els diferents itineraris als que podem optar un cop acabada l&#8217;ESO i, per a complimentar el que hem treballat a tutoria a les nostres classes i el que&hellip;  <a href=\"https:\/\/agora.xtec.cat\/instarragona\/eso\/orientacio-al-siei\/\" title=\"Read Orientaci\u00f3 al SIEI\">Llegeix m\u00e9s\u00bb<\/a><\/p>\n","protected":false},"author":1,"featured_media":6119,"comment_status":"open","ping_status":"closed","sticky":false,"template":"","format":"standard","meta":{"_bbp_topic_count":0,"_bbp_reply_count":0,"_bbp_total_topic_count":0,"_bbp_total_reply_count":0,"_bbp_voice_count":0,"_bbp_anonymous_reply_count":0,"_bbp_topic_count_hidden":0,"_bbp_reply_count_hidden":0,"_bbp_forum_subforum_count":0,"footnotes":""},"categories":[3,29],"tags":[102,122],"class_list":["post-6118","post","type-post","status-publish","format-standard","has-post-thumbnail","hentry","category-eso","category-portada","tag-orientacio","tag-siei"],"post_mailing_queue_ids":[],"_links":{"self":[{"href":"https:\/\/agora.xtec.cat\/instarragona\/wp-json\/wp\/v2\/posts\/6118","targetHints":{"allow":["GET"]}}],"collection":[{"href":"https:\/\/agora.xtec.cat\/instarragona\/wp-json\/wp\/v2\/posts"}],"about":[{"href":"https:\/\/agora.xtec.cat\/instarragona\/wp-json\/wp\/v2\/types\/post"}],"author":[{"embeddable":true,"href":"https:\/\/agora.xtec.cat\/instarragona\/wp-json\/wp\/v2\/users\/1"}],"replies":[{"embeddable":true,"href":"https:\/\/agora.xtec.cat\/instarragona\/wp-json\/wp\/v2\/comments?post=6118"}],"version-history":[{"count":1,"href":"https:\/\/agora.xtec.cat\/instarragona\/wp-json\/wp\/v2\/posts\/6118\/revisions"}],"predecessor-version":[{"id":6120,"href":"https:\/\/agora.xtec.cat\/instarragona\/wp-json\/wp\/v2\/posts\/6118\/revisions\/6120"}],"wp:featuredmedia":[{"embeddable":true,"href":"https:\/\/agora.xtec.cat\/instarragona\/wp-json\/wp\/v2\/media\/6119"}],"wp:attachment":[{"href":"https:\/\/agora.xtec.cat\/instarragona\/wp-json\/wp\/v2\/media?parent=6118"}],"wp:term":[{"taxonomy":"category","embeddable":true,"href":"https:\/\/agora.xtec.cat\/instarragona\/wp-json\/wp\/v2\/categories?post=6118"},{"taxonomy":"post_tag","embeddable":true,"href":"https:\/\/agora.xtec.cat\/instarragona\/wp-json\/wp\/v2\/tags?post=6118"}],"curies":[{"name":"wp","href":"https:\/\/api.w.org\/{rel}","templated":true}]}}