{"id":6113,"date":"2025-04-02T11:52:16","date_gmt":"2025-04-02T09:52:16","guid":{"rendered":"https:\/\/agora.xtec.cat\/instarragona\/?p=6113"},"modified":"2025-04-02T11:53:07","modified_gmt":"2025-04-02T09:53:07","slug":"premi-de-poesia-felicitats","status":"publish","type":"post","link":"https:\/\/agora.xtec.cat\/instarragona\/eso\/eso-1\/premi-de-poesia-felicitats\/","title":{"rendered":"Premi de poesia. Felicitats!"},"content":{"rendered":"<p>Com \u00e9s habitual, en el Dia Mundial de la Poesia, vam realitzar diferents activitats a l&#8217;institut. Aquest any, per\u00f2, el dia ha estat doblament celebrat. La nostra alumna Lorena P\u00e9rez de 1r d&#8217;ESO va guanyar el 2n premi en el VI Certamen de Poesia Infantil i Juvenil Olga Xirinacs. Moltes felicitats!<\/p>\n<p style=\"text-align: center;\"><img loading=\"lazy\" decoding=\"async\" class=\"aligncenter size-full wp-image-6115\" src=\"https:\/\/agora.xtec.cat\/instarragona\/wp-content\/uploads\/usu484\/2025\/04\/Captura.png\" alt=\"\" width=\"503\" height=\"606\" srcset=\"https:\/\/agora.xtec.cat\/instarragona\/wp-content\/uploads\/usu484\/2025\/04\/Captura.png 503w, https:\/\/agora.xtec.cat\/instarragona\/wp-content\/uploads\/usu484\/2025\/04\/Captura-249x300.png 249w\" sizes=\"auto, (max-width: 503px) 100vw, 503px\" \/><\/p>\n","protected":false},"excerpt":{"rendered":"<p>Com \u00e9s habitual, en el Dia Mundial de la Poesia, vam realitzar diferents activitats a l&#8217;institut. Aquest any, per\u00f2, el dia ha estat doblament celebrat. La nostra alumna Lorena P\u00e9rez de 1r d&#8217;ESO va guanyar el 2n premi en el VI Certamen de Poesia Infantil&hellip;  <a href=\"https:\/\/agora.xtec.cat\/instarragona\/eso\/eso-1\/premi-de-poesia-felicitats\/\" title=\"Read Premi de poesia. Felicitats!\">Llegeix m\u00e9s\u00bb<\/a><\/p>\n","protected":false},"author":1,"featured_media":6114,"comment_status":"open","ping_status":"closed","sticky":false,"template":"","format":"standard","meta":{"_bbp_topic_count":0,"_bbp_reply_count":0,"_bbp_total_topic_count":0,"_bbp_total_reply_count":0,"_bbp_voice_count":0,"_bbp_anonymous_reply_count":0,"_bbp_topic_count_hidden":0,"_bbp_reply_count_hidden":0,"_bbp_forum_subforum_count":0,"footnotes":""},"categories":[4,29],"tags":[119,104],"class_list":["post-6113","post","type-post","status-publish","format-standard","has-post-thumbnail","hentry","category-eso-1","category-portada","tag-catala","tag-concursos"],"post_mailing_queue_ids":[],"_links":{"self":[{"href":"https:\/\/agora.xtec.cat\/instarragona\/wp-json\/wp\/v2\/posts\/6113","targetHints":{"allow":["GET"]}}],"collection":[{"href":"https:\/\/agora.xtec.cat\/instarragona\/wp-json\/wp\/v2\/posts"}],"about":[{"href":"https:\/\/agora.xtec.cat\/instarragona\/wp-json\/wp\/v2\/types\/post"}],"author":[{"embeddable":true,"href":"https:\/\/agora.xtec.cat\/instarragona\/wp-json\/wp\/v2\/users\/1"}],"replies":[{"embeddable":true,"href":"https:\/\/agora.xtec.cat\/instarragona\/wp-json\/wp\/v2\/comments?post=6113"}],"version-history":[{"count":2,"href":"https:\/\/agora.xtec.cat\/instarragona\/wp-json\/wp\/v2\/posts\/6113\/revisions"}],"predecessor-version":[{"id":6117,"href":"https:\/\/agora.xtec.cat\/instarragona\/wp-json\/wp\/v2\/posts\/6113\/revisions\/6117"}],"wp:featuredmedia":[{"embeddable":true,"href":"https:\/\/agora.xtec.cat\/instarragona\/wp-json\/wp\/v2\/media\/6114"}],"wp:attachment":[{"href":"https:\/\/agora.xtec.cat\/instarragona\/wp-json\/wp\/v2\/media?parent=6113"}],"wp:term":[{"taxonomy":"category","embeddable":true,"href":"https:\/\/agora.xtec.cat\/instarragona\/wp-json\/wp\/v2\/categories?post=6113"},{"taxonomy":"post_tag","embeddable":true,"href":"https:\/\/agora.xtec.cat\/instarragona\/wp-json\/wp\/v2\/tags?post=6113"}],"curies":[{"name":"wp","href":"https:\/\/api.w.org\/{rel}","templated":true}]}}