{"id":6049,"date":"2025-03-25T10:48:17","date_gmt":"2025-03-25T09:48:17","guid":{"rendered":"https:\/\/agora.xtec.cat\/instarragona\/?p=6049"},"modified":"2025-03-25T10:49:58","modified_gmt":"2025-03-25T09:49:58","slug":"taller-sobre-la-desinformacio","status":"publish","type":"post","link":"https:\/\/agora.xtec.cat\/instarragona\/eso\/eso-4\/taller-sobre-la-desinformacio\/","title":{"rendered":"Taller sobre la desinformaci\u00f3"},"content":{"rendered":"<p>Els alumnes de 4t d\u2019ESO han participat en un taller sobre desinformaci\u00f3, en el marc de les activitats sobre Internet Segura. La sessi\u00f3 ha estat impartida per \u00c0lex Gonz\u00e1lez, professor de la URV i membre de <strong><a href=\"https:\/\/learntocheck.org\/ca\/\" target=\"_blank\" rel=\"noopener\">Learn to Check<\/a><\/strong>, i ha estat possible gr\u00e0cies al suport d\u2019Europe Direct Tarragona. Durant el taller, els estudiants han apr\u00e8s a identificar not\u00edcies falses, fotos modificades i altres formes de manipulaci\u00f3 de la informaci\u00f3, tot reflexionant sobre com aquestes pr\u00e0ctiques poden influir-nos. Aquesta activitat ens ha donat eines per navegar de manera segura i responsable en l\u2019entorn digital, on la desinformaci\u00f3 es propaga amb gran rapidesa. Coneixeu el m\u00e8tode Pantera?<\/p>\n<p><img loading=\"lazy\" decoding=\"async\" class=\"aligncenter size-full wp-image-6050\" src=\"https:\/\/agora.xtec.cat\/instarragona\/wp-content\/uploads\/usu484\/2025\/03\/2-4.png\" alt=\"\" width=\"1109\" height=\"412\" srcset=\"https:\/\/agora.xtec.cat\/instarragona\/wp-content\/uploads\/usu484\/2025\/03\/2-4.png 1109w, https:\/\/agora.xtec.cat\/instarragona\/wp-content\/uploads\/usu484\/2025\/03\/2-4-300x111.png 300w, https:\/\/agora.xtec.cat\/instarragona\/wp-content\/uploads\/usu484\/2025\/03\/2-4-1024x380.png 1024w, https:\/\/agora.xtec.cat\/instarragona\/wp-content\/uploads\/usu484\/2025\/03\/2-4-768x285.png 768w\" sizes=\"auto, (max-width: 1109px) 100vw, 1109px\" \/><\/p>\n<p>&nbsp;<\/p>\n<p style=\"text-align: center;\"><img loading=\"lazy\" decoding=\"async\" class=\"aligncenter size-full wp-image-6051\" src=\"https:\/\/agora.xtec.cat\/instarragona\/wp-content\/uploads\/usu484\/2025\/03\/4-2.png\" alt=\"\" width=\"1373\" height=\"528\" srcset=\"https:\/\/agora.xtec.cat\/instarragona\/wp-content\/uploads\/usu484\/2025\/03\/4-2.png 1373w, https:\/\/agora.xtec.cat\/instarragona\/wp-content\/uploads\/usu484\/2025\/03\/4-2-300x115.png 300w, https:\/\/agora.xtec.cat\/instarragona\/wp-content\/uploads\/usu484\/2025\/03\/4-2-1024x394.png 1024w, https:\/\/agora.xtec.cat\/instarragona\/wp-content\/uploads\/usu484\/2025\/03\/4-2-768x295.png 768w\" sizes=\"auto, (max-width: 1373px) 100vw, 1373px\" \/><\/p>\n<p>&nbsp;<\/p>\n","protected":false},"excerpt":{"rendered":"<p>Els alumnes de 4t d\u2019ESO han participat en un taller sobre desinformaci\u00f3, en el marc de les activitats sobre Internet Segura. La sessi\u00f3 ha estat impartida per \u00c0lex Gonz\u00e1lez, professor de la URV i membre de <a href=\"https:\/\/learntocheck.org\/ca\/\" target=\"_blank\" rel=\"noopener\">Learn to Check<\/a>, i ha estat&hellip;  <a href=\"https:\/\/agora.xtec.cat\/instarragona\/eso\/eso-4\/taller-sobre-la-desinformacio\/\" title=\"Read Taller sobre la desinformaci\u00f3\">Llegeix m\u00e9s\u00bb<\/a><\/p>\n","protected":false},"author":1,"featured_media":6051,"comment_status":"open","ping_status":"closed","sticky":false,"template":"","format":"standard","meta":{"_bbp_topic_count":0,"_bbp_reply_count":0,"_bbp_total_topic_count":0,"_bbp_total_reply_count":0,"_bbp_voice_count":0,"_bbp_anonymous_reply_count":0,"_bbp_topic_count_hidden":0,"_bbp_reply_count_hidden":0,"_bbp_forum_subforum_count":0,"footnotes":""},"categories":[7,29],"tags":[58,110],"class_list":["post-6049","post","type-post","status-publish","format-standard","has-post-thumbnail","hentry","category-eso-4","category-portada","tag-tallers","tag-tecnologia"],"post_mailing_queue_ids":[],"_links":{"self":[{"href":"https:\/\/agora.xtec.cat\/instarragona\/wp-json\/wp\/v2\/posts\/6049","targetHints":{"allow":["GET"]}}],"collection":[{"href":"https:\/\/agora.xtec.cat\/instarragona\/wp-json\/wp\/v2\/posts"}],"about":[{"href":"https:\/\/agora.xtec.cat\/instarragona\/wp-json\/wp\/v2\/types\/post"}],"author":[{"embeddable":true,"href":"https:\/\/agora.xtec.cat\/instarragona\/wp-json\/wp\/v2\/users\/1"}],"replies":[{"embeddable":true,"href":"https:\/\/agora.xtec.cat\/instarragona\/wp-json\/wp\/v2\/comments?post=6049"}],"version-history":[{"count":1,"href":"https:\/\/agora.xtec.cat\/instarragona\/wp-json\/wp\/v2\/posts\/6049\/revisions"}],"predecessor-version":[{"id":6052,"href":"https:\/\/agora.xtec.cat\/instarragona\/wp-json\/wp\/v2\/posts\/6049\/revisions\/6052"}],"wp:featuredmedia":[{"embeddable":true,"href":"https:\/\/agora.xtec.cat\/instarragona\/wp-json\/wp\/v2\/media\/6051"}],"wp:attachment":[{"href":"https:\/\/agora.xtec.cat\/instarragona\/wp-json\/wp\/v2\/media?parent=6049"}],"wp:term":[{"taxonomy":"category","embeddable":true,"href":"https:\/\/agora.xtec.cat\/instarragona\/wp-json\/wp\/v2\/categories?post=6049"},{"taxonomy":"post_tag","embeddable":true,"href":"https:\/\/agora.xtec.cat\/instarragona\/wp-json\/wp\/v2\/tags?post=6049"}],"curies":[{"name":"wp","href":"https:\/\/api.w.org\/{rel}","templated":true}]}}