{"id":6044,"date":"2025-03-25T10:39:09","date_gmt":"2025-03-25T09:39:09","guid":{"rendered":"https:\/\/agora.xtec.cat\/instarragona\/?p=6044"},"modified":"2025-03-25T10:41:18","modified_gmt":"2025-03-25T09:41:18","slug":"tenim-una-auxiliar-de-conversa","status":"publish","type":"post","link":"https:\/\/agora.xtec.cat\/instarragona\/batxillerat\/tenim-una-auxiliar-de-conversa\/","title":{"rendered":"Tenim una auxiliar de conversa"},"content":{"rendered":"<p>Un any m\u00e9s tenim entre nosaltres una auxiliar de conversa que, entre altres tasques, ens ajuda a l&#8217;expressi\u00f3 oral de l&#8217;angl\u00e8s dels nostres alumnes. \u00c9s una participant m\u00e9s dins del <strong><a href=\"https:\/\/xtec.gencat.cat\/ca\/projectes\/plurilinguisme\/programes\/institucionals\/auxiliars_conversa\/\" target=\"_blank\" rel=\"noopener\">Projecte Smile, <\/a><\/strong>es diu Kiera O\u2019 Brien i ve de California. Ara fa uns dies ens va fer una xerrada sobre EEUU. Aquest cop ha tocat practicar el nostre listening. Estem molt agra\u00efts per la seva col\u00b7laboraci\u00f3 amb els nostres alumnes \ud83e\udd70.<\/p>\n<p><img loading=\"lazy\" decoding=\"async\" class=\"aligncenter size-full wp-image-6045\" src=\"https:\/\/agora.xtec.cat\/instarragona\/wp-content\/uploads\/usu484\/2025\/03\/2-3.png\" alt=\"\" width=\"634\" height=\"456\" srcset=\"https:\/\/agora.xtec.cat\/instarragona\/wp-content\/uploads\/usu484\/2025\/03\/2-3.png 634w, https:\/\/agora.xtec.cat\/instarragona\/wp-content\/uploads\/usu484\/2025\/03\/2-3-300x216.png 300w\" sizes=\"auto, (max-width: 634px) 100vw, 634px\" \/><\/p>\n<p style=\"text-align: center;\"><img loading=\"lazy\" decoding=\"async\" class=\"aligncenter size-full wp-image-6046\" src=\"https:\/\/agora.xtec.cat\/instarragona\/wp-content\/uploads\/usu484\/2025\/03\/4-1.png\" alt=\"\" width=\"616\" height=\"384\" srcset=\"https:\/\/agora.xtec.cat\/instarragona\/wp-content\/uploads\/usu484\/2025\/03\/4-1.png 616w, https:\/\/agora.xtec.cat\/instarragona\/wp-content\/uploads\/usu484\/2025\/03\/4-1-300x187.png 300w\" sizes=\"auto, (max-width: 616px) 100vw, 616px\" \/><\/p>\n<p>&nbsp;<\/p>\n","protected":false},"excerpt":{"rendered":"<p>Un any m\u00e9s tenim entre nosaltres una auxiliar de conversa que, entre altres tasques, ens ajuda a l&#8217;expressi\u00f3 oral de l&#8217;angl\u00e8s dels nostres alumnes. \u00c9s una participant m\u00e9s dins del <a href=\"https:\/\/xtec.gencat.cat\/ca\/projectes\/plurilinguisme\/programes\/institucionals\/auxiliars_conversa\/\" target=\"_blank\" rel=\"noopener\">Projecte Smile, <\/a>es diu Kiera O\u2019 Brien i ve de California. Ara&hellip;  <a href=\"https:\/\/agora.xtec.cat\/instarragona\/batxillerat\/tenim-una-auxiliar-de-conversa\/\" title=\"Read Tenim una auxiliar de conversa\">Llegeix m\u00e9s\u00bb<\/a><\/p>\n","protected":false},"author":1,"featured_media":6045,"comment_status":"open","ping_status":"closed","sticky":false,"template":"","format":"standard","meta":{"_bbp_topic_count":0,"_bbp_reply_count":0,"_bbp_total_topic_count":0,"_bbp_total_reply_count":0,"_bbp_voice_count":0,"_bbp_anonymous_reply_count":0,"_bbp_topic_count_hidden":0,"_bbp_reply_count_hidden":0,"_bbp_forum_subforum_count":0,"footnotes":""},"categories":[8,29],"tags":[42,44],"class_list":["post-6044","post","type-post","status-publish","format-standard","has-post-thumbnail","hentry","category-batxillerat","category-portada","tag-angles","tag-xerrades"],"post_mailing_queue_ids":[],"_links":{"self":[{"href":"https:\/\/agora.xtec.cat\/instarragona\/wp-json\/wp\/v2\/posts\/6044","targetHints":{"allow":["GET"]}}],"collection":[{"href":"https:\/\/agora.xtec.cat\/instarragona\/wp-json\/wp\/v2\/posts"}],"about":[{"href":"https:\/\/agora.xtec.cat\/instarragona\/wp-json\/wp\/v2\/types\/post"}],"author":[{"embeddable":true,"href":"https:\/\/agora.xtec.cat\/instarragona\/wp-json\/wp\/v2\/users\/1"}],"replies":[{"embeddable":true,"href":"https:\/\/agora.xtec.cat\/instarragona\/wp-json\/wp\/v2\/comments?post=6044"}],"version-history":[{"count":2,"href":"https:\/\/agora.xtec.cat\/instarragona\/wp-json\/wp\/v2\/posts\/6044\/revisions"}],"predecessor-version":[{"id":6048,"href":"https:\/\/agora.xtec.cat\/instarragona\/wp-json\/wp\/v2\/posts\/6044\/revisions\/6048"}],"wp:featuredmedia":[{"embeddable":true,"href":"https:\/\/agora.xtec.cat\/instarragona\/wp-json\/wp\/v2\/media\/6045"}],"wp:attachment":[{"href":"https:\/\/agora.xtec.cat\/instarragona\/wp-json\/wp\/v2\/media?parent=6044"}],"wp:term":[{"taxonomy":"category","embeddable":true,"href":"https:\/\/agora.xtec.cat\/instarragona\/wp-json\/wp\/v2\/categories?post=6044"},{"taxonomy":"post_tag","embeddable":true,"href":"https:\/\/agora.xtec.cat\/instarragona\/wp-json\/wp\/v2\/tags?post=6044"}],"curies":[{"name":"wp","href":"https:\/\/api.w.org\/{rel}","templated":true}]}}