{"id":6038,"date":"2025-03-25T10:29:16","date_gmt":"2025-03-25T09:29:16","guid":{"rendered":"https:\/\/agora.xtec.cat\/instarragona\/?p=6038"},"modified":"2025-03-25T10:30:52","modified_gmt":"2025-03-25T09:30:52","slug":"com-vivien-a-tarraco","status":"publish","type":"post","link":"https:\/\/agora.xtec.cat\/instarragona\/eso\/eso-1\/com-vivien-a-tarraco\/","title":{"rendered":"Com vivien a T\u00e0rraco?"},"content":{"rendered":"<p>L&#8217;alumnat de 1r d&#8217;ESO A i B han pogut gaudir avui de l&#8217;activitat &#8220;L&#8217;escola visita T\u00e0rraco&#8221;, de la m\u00e0 de l&#8217;IMET, del Museu d&#8217;Hist\u00f2ria i d&#8217;Ans Educaci\u00f3. Una sortida q ens ha permet apropar-nos al passat rom\u00e0 de la nostra ciutat i descobrir com era passar un dia a l&#8217;antiga ciutat de T\u00e0rraco.<\/p>\n<table style=\"border-collapse: collapse; width: 100%;\">\n<tbody>\n<tr>\n<td style=\"width: 33.3333%; text-align: center;\"><img loading=\"lazy\" decoding=\"async\" class=\"aligncenter size-full wp-image-6039\" src=\"https:\/\/agora.xtec.cat\/instarragona\/wp-content\/uploads\/usu484\/2025\/03\/Captura-5.png\" alt=\"\" width=\"784\" height=\"588\" srcset=\"https:\/\/agora.xtec.cat\/instarragona\/wp-content\/uploads\/usu484\/2025\/03\/Captura-5.png 784w, https:\/\/agora.xtec.cat\/instarragona\/wp-content\/uploads\/usu484\/2025\/03\/Captura-5-300x225.png 300w, https:\/\/agora.xtec.cat\/instarragona\/wp-content\/uploads\/usu484\/2025\/03\/Captura-5-768x576.png 768w, https:\/\/agora.xtec.cat\/instarragona\/wp-content\/uploads\/usu484\/2025\/03\/Captura-5-200x150.png 200w\" sizes=\"auto, (max-width: 784px) 100vw, 784px\" \/><\/td>\n<td style=\"width: 33.3333%; text-align: center;\"><img loading=\"lazy\" decoding=\"async\" class=\"aligncenter size-full wp-image-6040\" src=\"https:\/\/agora.xtec.cat\/instarragona\/wp-content\/uploads\/usu484\/2025\/03\/4.png\" alt=\"\" width=\"1089\" height=\"815\" srcset=\"https:\/\/agora.xtec.cat\/instarragona\/wp-content\/uploads\/usu484\/2025\/03\/4.png 1089w, https:\/\/agora.xtec.cat\/instarragona\/wp-content\/uploads\/usu484\/2025\/03\/4-300x225.png 300w, https:\/\/agora.xtec.cat\/instarragona\/wp-content\/uploads\/usu484\/2025\/03\/4-1024x766.png 1024w, https:\/\/agora.xtec.cat\/instarragona\/wp-content\/uploads\/usu484\/2025\/03\/4-768x575.png 768w, https:\/\/agora.xtec.cat\/instarragona\/wp-content\/uploads\/usu484\/2025\/03\/4-200x150.png 200w\" sizes=\"auto, (max-width: 1089px) 100vw, 1089px\" \/><\/td>\n<td style=\"width: 33.3333%; text-align: center;\"><img loading=\"lazy\" decoding=\"async\" class=\"aligncenter size-full wp-image-6041\" src=\"https:\/\/agora.xtec.cat\/instarragona\/wp-content\/uploads\/usu484\/2025\/03\/2-2.png\" alt=\"\" width=\"743\" height=\"569\" srcset=\"https:\/\/agora.xtec.cat\/instarragona\/wp-content\/uploads\/usu484\/2025\/03\/2-2.png 743w, https:\/\/agora.xtec.cat\/instarragona\/wp-content\/uploads\/usu484\/2025\/03\/2-2-300x230.png 300w\" sizes=\"auto, (max-width: 743px) 100vw, 743px\" \/><\/td>\n<\/tr>\n<\/tbody>\n<\/table>\n<p>Guaiteu aqu\u00ed mateix moltes m\u00e9s <a href=\"https:\/\/drive.google.com\/drive\/folders\/1cki86KZAnDLkHWsiI8pXrIsnVGQLvYT6?usp=sharing\" target=\"_blank\" rel=\"noopener\"><strong>imatges<\/strong><\/a>.<\/p>\n","protected":false},"excerpt":{"rendered":"<p>L&#8217;alumnat de 1r d&#8217;ESO A i B han pogut gaudir avui de l&#8217;activitat &#8220;L&#8217;escola visita T\u00e0rraco&#8221;, de la m\u00e0 de l&#8217;IMET, del Museu d&#8217;Hist\u00f2ria i d&#8217;Ans Educaci\u00f3. Una sortida q ens ha permet apropar-nos al passat rom\u00e0 de la nostra ciutat i descobrir com era&hellip;  <a href=\"https:\/\/agora.xtec.cat\/instarragona\/eso\/eso-1\/com-vivien-a-tarraco\/\" title=\"Read Com vivien a T\u00e0rraco?\">Llegeix m\u00e9s\u00bb<\/a><\/p>\n","protected":false},"author":1,"featured_media":6039,"comment_status":"open","ping_status":"closed","sticky":false,"template":"","format":"standard","meta":{"_bbp_topic_count":0,"_bbp_reply_count":0,"_bbp_total_topic_count":0,"_bbp_total_reply_count":0,"_bbp_voice_count":0,"_bbp_anonymous_reply_count":0,"_bbp_topic_count_hidden":0,"_bbp_reply_count_hidden":0,"_bbp_forum_subforum_count":0,"footnotes":""},"categories":[4,29],"tags":[133,39],"class_list":["post-6038","post","type-post","status-publish","format-standard","has-post-thumbnail","hentry","category-eso-1","category-portada","tag-geografia-i-historia","tag-sortides"],"post_mailing_queue_ids":[],"_links":{"self":[{"href":"https:\/\/agora.xtec.cat\/instarragona\/wp-json\/wp\/v2\/posts\/6038","targetHints":{"allow":["GET"]}}],"collection":[{"href":"https:\/\/agora.xtec.cat\/instarragona\/wp-json\/wp\/v2\/posts"}],"about":[{"href":"https:\/\/agora.xtec.cat\/instarragona\/wp-json\/wp\/v2\/types\/post"}],"author":[{"embeddable":true,"href":"https:\/\/agora.xtec.cat\/instarragona\/wp-json\/wp\/v2\/users\/1"}],"replies":[{"embeddable":true,"href":"https:\/\/agora.xtec.cat\/instarragona\/wp-json\/wp\/v2\/comments?post=6038"}],"version-history":[{"count":2,"href":"https:\/\/agora.xtec.cat\/instarragona\/wp-json\/wp\/v2\/posts\/6038\/revisions"}],"predecessor-version":[{"id":6043,"href":"https:\/\/agora.xtec.cat\/instarragona\/wp-json\/wp\/v2\/posts\/6038\/revisions\/6043"}],"wp:featuredmedia":[{"embeddable":true,"href":"https:\/\/agora.xtec.cat\/instarragona\/wp-json\/wp\/v2\/media\/6039"}],"wp:attachment":[{"href":"https:\/\/agora.xtec.cat\/instarragona\/wp-json\/wp\/v2\/media?parent=6038"}],"wp:term":[{"taxonomy":"category","embeddable":true,"href":"https:\/\/agora.xtec.cat\/instarragona\/wp-json\/wp\/v2\/categories?post=6038"},{"taxonomy":"post_tag","embeddable":true,"href":"https:\/\/agora.xtec.cat\/instarragona\/wp-json\/wp\/v2\/tags?post=6038"}],"curies":[{"name":"wp","href":"https:\/\/api.w.org\/{rel}","templated":true}]}}