{"id":6027,"date":"2025-03-21T11:02:40","date_gmt":"2025-03-21T10:02:40","guid":{"rendered":"https:\/\/agora.xtec.cat\/instarragona\/?p=6027"},"modified":"2025-03-21T16:11:10","modified_gmt":"2025-03-21T15:11:10","slug":"i-concurs-dinfografies-dones-cientifiques","status":"publish","type":"post","link":"https:\/\/agora.xtec.cat\/instarragona\/eso\/eso-3\/i-concurs-dinfografies-dones-cientifiques\/","title":{"rendered":"I Concurs d&#8217;Infografies &#8220;Dones Cient\u00edfiques&#8221;"},"content":{"rendered":"<p>Des del Departament de Ci\u00e8ncies, es posa en marxa el\u00a0<strong>I Concurs d&#8217;Infografies &#8220;Dones Cient\u00edfiques&#8221;<\/strong>. Les infografies participants, han estat dissenyades per l&#8217;alumnat de F\u00edsica i Qu\u00edmica de 3r d&#8217;ESO, en el marc de les activitats proposades pel\u00a0<strong>Dia Internacional de la Dona i la Nena a la Ci\u00e8ncia<\/strong>, celebrat el passat 11 de febrer.<\/p>\n<p>Amb l&#8217;objectiu de divulgar, donar visibilitat i recon\u00e8ixer les aportacions de les dones en el camp cient\u00edfic, convidem a tota la comunitat educativa a llegir les diverses infografies finalistes i a participar en la\u00a0<strong>votaci\u00f3 mitjan\u00e7ant el seg\u00fcent\u00a0<a href=\"https:\/\/forms.gle\/qDsH1faTEuSFDBKe6\" target=\"_blank\" rel=\"noopener\"><u>formulari<\/u><\/a>,<\/strong>\u00a0que estar\u00e0 obert fins al\u00a0<strong>31 de mar\u00e7<\/strong>.<br \/>\nL&#8217;autor o autora\u00a0del treball m\u00e9s ben valorat ser\u00e0 premiat\/a durant l&#8217;acte de Sant Jordi.<br \/>\nSi les voleu veure d&#8217;aprop, les podeu trobar exposades al hall del centre.<\/p>\n<p>Us animem a tots a participar i a obrir les portes a la ci\u00e8ncia!<\/p>\n<p style=\"text-align: center;\"><img loading=\"lazy\" decoding=\"async\" class=\"aligncenter size-full wp-image-6028\" src=\"https:\/\/agora.xtec.cat\/instarragona\/wp-content\/uploads\/usu484\/2025\/03\/Captura-4.png\" alt=\"\" width=\"1010\" height=\"604\" srcset=\"https:\/\/agora.xtec.cat\/instarragona\/wp-content\/uploads\/usu484\/2025\/03\/Captura-4.png 1010w, https:\/\/agora.xtec.cat\/instarragona\/wp-content\/uploads\/usu484\/2025\/03\/Captura-4-300x179.png 300w, https:\/\/agora.xtec.cat\/instarragona\/wp-content\/uploads\/usu484\/2025\/03\/Captura-4-768x459.png 768w\" sizes=\"auto, (max-width: 1010px) 100vw, 1010px\" \/><\/p>\n<p>&nbsp;<\/p>\n","protected":false},"excerpt":{"rendered":"<p>Des del Departament de Ci\u00e8ncies, es posa en marxa el\u00a0I Concurs d&#8217;Infografies &#8220;Dones Cient\u00edfiques&#8221;. Les infografies participants, han estat dissenyades per l&#8217;alumnat de F\u00edsica i Qu\u00edmica de 3r d&#8217;ESO, en el marc de les activitats proposades pel\u00a0Dia Internacional de la Dona i la Nena a&hellip;  <a href=\"https:\/\/agora.xtec.cat\/instarragona\/eso\/eso-3\/i-concurs-dinfografies-dones-cientifiques\/\" title=\"Read I Concurs d&#8217;Infografies &#8220;Dones Cient\u00edfiques&#8221;\">Llegeix m\u00e9s\u00bb<\/a><\/p>\n","protected":false},"author":1,"featured_media":6028,"comment_status":"open","ping_status":"closed","sticky":false,"template":"","format":"standard","meta":{"_bbp_topic_count":0,"_bbp_reply_count":0,"_bbp_total_topic_count":0,"_bbp_total_reply_count":0,"_bbp_voice_count":0,"_bbp_anonymous_reply_count":0,"_bbp_topic_count_hidden":0,"_bbp_reply_count_hidden":0,"_bbp_forum_subforum_count":0,"footnotes":""},"categories":[6,29],"tags":[116,104],"class_list":["post-6027","post","type-post","status-publish","format-standard","has-post-thumbnail","hentry","category-eso-3","category-portada","tag-ciencies","tag-concursos"],"post_mailing_queue_ids":[],"_links":{"self":[{"href":"https:\/\/agora.xtec.cat\/instarragona\/wp-json\/wp\/v2\/posts\/6027","targetHints":{"allow":["GET"]}}],"collection":[{"href":"https:\/\/agora.xtec.cat\/instarragona\/wp-json\/wp\/v2\/posts"}],"about":[{"href":"https:\/\/agora.xtec.cat\/instarragona\/wp-json\/wp\/v2\/types\/post"}],"author":[{"embeddable":true,"href":"https:\/\/agora.xtec.cat\/instarragona\/wp-json\/wp\/v2\/users\/1"}],"replies":[{"embeddable":true,"href":"https:\/\/agora.xtec.cat\/instarragona\/wp-json\/wp\/v2\/comments?post=6027"}],"version-history":[{"count":3,"href":"https:\/\/agora.xtec.cat\/instarragona\/wp-json\/wp\/v2\/posts\/6027\/revisions"}],"predecessor-version":[{"id":6033,"href":"https:\/\/agora.xtec.cat\/instarragona\/wp-json\/wp\/v2\/posts\/6027\/revisions\/6033"}],"wp:featuredmedia":[{"embeddable":true,"href":"https:\/\/agora.xtec.cat\/instarragona\/wp-json\/wp\/v2\/media\/6028"}],"wp:attachment":[{"href":"https:\/\/agora.xtec.cat\/instarragona\/wp-json\/wp\/v2\/media?parent=6027"}],"wp:term":[{"taxonomy":"category","embeddable":true,"href":"https:\/\/agora.xtec.cat\/instarragona\/wp-json\/wp\/v2\/categories?post=6027"},{"taxonomy":"post_tag","embeddable":true,"href":"https:\/\/agora.xtec.cat\/instarragona\/wp-json\/wp\/v2\/tags?post=6027"}],"curies":[{"name":"wp","href":"https:\/\/api.w.org\/{rel}","templated":true}]}}