{"id":6021,"date":"2025-03-21T10:54:49","date_gmt":"2025-03-21T09:54:49","guid":{"rendered":"https:\/\/agora.xtec.cat\/instarragona\/?p=6021"},"modified":"2025-03-25T10:12:46","modified_gmt":"2025-03-25T09:12:46","slug":"visitem-la-biblioteca-publica","status":"publish","type":"post","link":"https:\/\/agora.xtec.cat\/instarragona\/batxillerat\/visitem-la-biblioteca-publica\/","title":{"rendered":"Visitem la Biblioteca p\u00fablica"},"content":{"rendered":"<p>L&#8217;alumnat de 1r de BATX ha pogut gaudir d&#8217;una explicaci\u00f3 detallada del funcionament de la <strong><a href=\"https:\/\/bibliotecatarragona.gencat.cat\/ca\/inici\" target=\"_blank\" rel=\"noopener\">Biblioteca P\u00fablica de Tarragona<\/a><\/strong>, una visita molt interessant en aquesta \u00e8poca del curs, de cara a la tria del treball de recerca. Per con\u00e8ixer-la a fons, les bibliotec\u00e0ries els han ensenyat les diferents sales, els han explicat l&#8217;extens fons documental local i comarcal, i tot el material \u00e0udiovisual que t\u00e9 la biblioteca que els pot ser \u00fatil per elaborar els diferents treballs de recerca.<\/p>\n<p style=\"text-align: center;\"><img loading=\"lazy\" decoding=\"async\" class=\"aligncenter wp-image-6023\" src=\"https:\/\/agora.xtec.cat\/instarragona\/wp-content\/uploads\/usu484\/2025\/03\/Captura-3.png\" alt=\"\" width=\"882\" height=\"491\" srcset=\"https:\/\/agora.xtec.cat\/instarragona\/wp-content\/uploads\/usu484\/2025\/03\/Captura-3.png 1392w, https:\/\/agora.xtec.cat\/instarragona\/wp-content\/uploads\/usu484\/2025\/03\/Captura-3-300x167.png 300w, https:\/\/agora.xtec.cat\/instarragona\/wp-content\/uploads\/usu484\/2025\/03\/Captura-3-1024x570.png 1024w, https:\/\/agora.xtec.cat\/instarragona\/wp-content\/uploads\/usu484\/2025\/03\/Captura-3-768x428.png 768w\" sizes=\"auto, (max-width: 882px) 100vw, 882px\" \/><\/p>\n","protected":false},"excerpt":{"rendered":"<p>L&#8217;alumnat de 1r de BATX ha pogut gaudir d&#8217;una explicaci\u00f3 detallada del funcionament de la <a href=\"https:\/\/bibliotecatarragona.gencat.cat\/ca\/inici\" target=\"_blank\" rel=\"noopener\">Biblioteca P\u00fablica de Tarragona<\/a>, una visita molt interessant en aquesta \u00e8poca del curs, de cara a la tria del treball de recerca. Per con\u00e8ixer-la a fons, les&hellip;  <a href=\"https:\/\/agora.xtec.cat\/instarragona\/batxillerat\/visitem-la-biblioteca-publica\/\" title=\"Read Visitem la Biblioteca p\u00fablica\">Llegeix m\u00e9s\u00bb<\/a><\/p>\n","protected":false},"author":1,"featured_media":6022,"comment_status":"open","ping_status":"closed","sticky":false,"template":"","format":"standard","meta":{"_bbp_topic_count":0,"_bbp_reply_count":0,"_bbp_total_topic_count":0,"_bbp_total_reply_count":0,"_bbp_voice_count":0,"_bbp_anonymous_reply_count":0,"_bbp_topic_count_hidden":0,"_bbp_reply_count_hidden":0,"_bbp_forum_subforum_count":0,"footnotes":""},"categories":[8,29],"tags":[39],"class_list":["post-6021","post","type-post","status-publish","format-standard","has-post-thumbnail","hentry","category-batxillerat","category-portada","tag-sortides"],"post_mailing_queue_ids":[],"_links":{"self":[{"href":"https:\/\/agora.xtec.cat\/instarragona\/wp-json\/wp\/v2\/posts\/6021","targetHints":{"allow":["GET"]}}],"collection":[{"href":"https:\/\/agora.xtec.cat\/instarragona\/wp-json\/wp\/v2\/posts"}],"about":[{"href":"https:\/\/agora.xtec.cat\/instarragona\/wp-json\/wp\/v2\/types\/post"}],"author":[{"embeddable":true,"href":"https:\/\/agora.xtec.cat\/instarragona\/wp-json\/wp\/v2\/users\/1"}],"replies":[{"embeddable":true,"href":"https:\/\/agora.xtec.cat\/instarragona\/wp-json\/wp\/v2\/comments?post=6021"}],"version-history":[{"count":2,"href":"https:\/\/agora.xtec.cat\/instarragona\/wp-json\/wp\/v2\/posts\/6021\/revisions"}],"predecessor-version":[{"id":6037,"href":"https:\/\/agora.xtec.cat\/instarragona\/wp-json\/wp\/v2\/posts\/6021\/revisions\/6037"}],"wp:featuredmedia":[{"embeddable":true,"href":"https:\/\/agora.xtec.cat\/instarragona\/wp-json\/wp\/v2\/media\/6022"}],"wp:attachment":[{"href":"https:\/\/agora.xtec.cat\/instarragona\/wp-json\/wp\/v2\/media?parent=6021"}],"wp:term":[{"taxonomy":"category","embeddable":true,"href":"https:\/\/agora.xtec.cat\/instarragona\/wp-json\/wp\/v2\/categories?post=6021"},{"taxonomy":"post_tag","embeddable":true,"href":"https:\/\/agora.xtec.cat\/instarragona\/wp-json\/wp\/v2\/tags?post=6021"}],"curies":[{"name":"wp","href":"https:\/\/api.w.org\/{rel}","templated":true}]}}