{"id":6018,"date":"2025-03-21T10:40:41","date_gmt":"2025-03-21T09:40:41","guid":{"rendered":"https:\/\/agora.xtec.cat\/instarragona\/?p=6018"},"modified":"2025-03-21T10:40:41","modified_gmt":"2025-03-21T09:40:41","slug":"com-funciona-la-unio-europea","status":"publish","type":"post","link":"https:\/\/agora.xtec.cat\/instarragona\/portada\/com-funciona-la-unio-europea\/","title":{"rendered":"Com funciona la Uni\u00f3 Europea?"},"content":{"rendered":"<p dir=\"auto\">Els alumnes de geografia de 2n de Batxillerat van rebre a la Marta Dom\u00e8nech durant tot el mat\u00ed. Vam estar fent una presentaci\u00f3 sobre la Uni\u00f3 Europea i vam representar i simular el funcionament del Parlament Europeu. Aix\u00ed mateix, divendres a classe vam seguir treballant amb el tema de la UE amb un scaperoom, facilitat per la mateixa oficina &#8220;d&#8217;Europe Direct&#8221;.<\/p>\n<div dir=\"auto\" style=\"text-align: center;\"><img loading=\"lazy\" decoding=\"async\" class=\"aligncenter size-full wp-image-6019\" src=\"https:\/\/agora.xtec.cat\/instarragona\/wp-content\/uploads\/usu484\/2025\/03\/Captura-2.png\" alt=\"\" width=\"1067\" height=\"565\" srcset=\"https:\/\/agora.xtec.cat\/instarragona\/wp-content\/uploads\/usu484\/2025\/03\/Captura-2.png 1067w, https:\/\/agora.xtec.cat\/instarragona\/wp-content\/uploads\/usu484\/2025\/03\/Captura-2-300x159.png 300w, https:\/\/agora.xtec.cat\/instarragona\/wp-content\/uploads\/usu484\/2025\/03\/Captura-2-1024x542.png 1024w, https:\/\/agora.xtec.cat\/instarragona\/wp-content\/uploads\/usu484\/2025\/03\/Captura-2-768x407.png 768w\" sizes=\"auto, (max-width: 1067px) 100vw, 1067px\" \/><\/div>\n<div dir=\"auto\"><\/div>\n","protected":false},"excerpt":{"rendered":"<p>Els alumnes de geografia de 2n de Batxillerat van rebre a la Marta Dom\u00e8nech durant tot el mat\u00ed. Vam estar fent una presentaci\u00f3 sobre la Uni\u00f3 Europea i vam representar i simular el funcionament del Parlament Europeu. Aix\u00ed mateix, divendres a classe vam seguir treballant&hellip;  <a href=\"https:\/\/agora.xtec.cat\/instarragona\/portada\/com-funciona-la-unio-europea\/\" title=\"Read Com funciona la Uni\u00f3 Europea?\">Llegeix m\u00e9s\u00bb<\/a><\/p>\n","protected":false},"author":1,"featured_media":0,"comment_status":"open","ping_status":"closed","sticky":false,"template":"","format":"standard","meta":{"_bbp_topic_count":0,"_bbp_reply_count":0,"_bbp_total_topic_count":0,"_bbp_total_reply_count":0,"_bbp_voice_count":0,"_bbp_anonymous_reply_count":0,"_bbp_topic_count_hidden":0,"_bbp_reply_count_hidden":0,"_bbp_forum_subforum_count":0,"footnotes":""},"categories":[29],"tags":[133,44],"class_list":["post-6018","post","type-post","status-publish","format-standard","hentry","category-portada","tag-geografia-i-historia","tag-xerrades"],"post_mailing_queue_ids":[],"_links":{"self":[{"href":"https:\/\/agora.xtec.cat\/instarragona\/wp-json\/wp\/v2\/posts\/6018","targetHints":{"allow":["GET"]}}],"collection":[{"href":"https:\/\/agora.xtec.cat\/instarragona\/wp-json\/wp\/v2\/posts"}],"about":[{"href":"https:\/\/agora.xtec.cat\/instarragona\/wp-json\/wp\/v2\/types\/post"}],"author":[{"embeddable":true,"href":"https:\/\/agora.xtec.cat\/instarragona\/wp-json\/wp\/v2\/users\/1"}],"replies":[{"embeddable":true,"href":"https:\/\/agora.xtec.cat\/instarragona\/wp-json\/wp\/v2\/comments?post=6018"}],"version-history":[{"count":1,"href":"https:\/\/agora.xtec.cat\/instarragona\/wp-json\/wp\/v2\/posts\/6018\/revisions"}],"predecessor-version":[{"id":6020,"href":"https:\/\/agora.xtec.cat\/instarragona\/wp-json\/wp\/v2\/posts\/6018\/revisions\/6020"}],"wp:attachment":[{"href":"https:\/\/agora.xtec.cat\/instarragona\/wp-json\/wp\/v2\/media?parent=6018"}],"wp:term":[{"taxonomy":"category","embeddable":true,"href":"https:\/\/agora.xtec.cat\/instarragona\/wp-json\/wp\/v2\/categories?post=6018"},{"taxonomy":"post_tag","embeddable":true,"href":"https:\/\/agora.xtec.cat\/instarragona\/wp-json\/wp\/v2\/tags?post=6018"}],"curies":[{"name":"wp","href":"https:\/\/api.w.org\/{rel}","templated":true}]}}