{"id":6008,"date":"2025-03-21T09:47:03","date_gmt":"2025-03-21T08:47:03","guid":{"rendered":"https:\/\/agora.xtec.cat\/instarragona\/?p=6008"},"modified":"2025-03-21T10:01:16","modified_gmt":"2025-03-21T09:01:16","slug":"quan-els-nombres-canten","status":"publish","type":"post","link":"https:\/\/agora.xtec.cat\/instarragona\/eso\/quan-els-nombres-canten\/","title":{"rendered":"Quan els nombres canten"},"content":{"rendered":"<p><span style=\"font-family: verdana, sans-serif;\">Els alumnes de 1r d&#8217;ESO han participat en el taller del CaixaForum &#8220;Quan els nombres canten&#8221;. Un espai on la matem\u00e0tica i la m\u00fasica s&#8217;han fusionat per mostrar com els nombres poden crear melodies sorprenents. Una activitat creativa que ha despertat la curiositat dels <a href=\"https:\/\/drive.google.com\/drive\/folders\/1UOXksFxoRpKCbuqtzaMY_kvhGMbWeKr3?usp=drive_link\" target=\"_blank\" rel=\"noopener\">alumnes<\/a> i els ha ajudat a veure les matem\u00e0tiques d&#8217;una manera totalment nova!<\/span><\/p>\n<p style=\"text-align: center;\"><iframe loading=\"lazy\" title=\"YouTube video player\" src=\"https:\/\/www.youtube.com\/embed\/3UrYGOIwqMM?si=jg-Pq_UJZ6CoKmrp\" width=\"560\" height=\"315\" frameborder=\"0\" allowfullscreen=\"allowfullscreen\"><\/iframe><\/p>\n<p>Aqu\u00ed teniu alguns dels fant\u00e0stics resultats en \u00e0udio: <a href=\"https:\/\/drive.google.com\/file\/d\/1jqfdOtBc0B5xtR6ef3RvNu7c018Tt0R1\/view?usp=drive_link\" target=\"_blank\" rel=\"noopener\">\u00a0\u00e0udio 1<\/a> i <a href=\"https:\/\/drive.google.com\/file\/d\/1Ncb1odC1h2ZEjKHNlB6y9KJXUHjJ5RVa\/view?usp=drive_link\" target=\"_blank\" rel=\"noopener\">\u00e0udio 2<\/a>.<\/p>\n<div class=\"yj6qo\"><img loading=\"lazy\" decoding=\"async\" class=\"aligncenter size-full wp-image-6009\" src=\"https:\/\/agora.xtec.cat\/instarragona\/wp-content\/uploads\/usu484\/2025\/03\/1.png\" alt=\"\" width=\"507\" height=\"667\" srcset=\"https:\/\/agora.xtec.cat\/instarragona\/wp-content\/uploads\/usu484\/2025\/03\/1.png 507w, https:\/\/agora.xtec.cat\/instarragona\/wp-content\/uploads\/usu484\/2025\/03\/1-228x300.png 228w\" sizes=\"auto, (max-width: 507px) 100vw, 507px\" \/><\/div>\n<div><\/div>\n<div><\/div>\n<div><\/div>\n<div style=\"text-align: center;\"><img loading=\"lazy\" decoding=\"async\" class=\"aligncenter size-full wp-image-6010\" src=\"https:\/\/agora.xtec.cat\/instarragona\/wp-content\/uploads\/usu484\/2025\/03\/3.png\" alt=\"\" width=\"865\" height=\"665\" srcset=\"https:\/\/agora.xtec.cat\/instarragona\/wp-content\/uploads\/usu484\/2025\/03\/3.png 865w, https:\/\/agora.xtec.cat\/instarragona\/wp-content\/uploads\/usu484\/2025\/03\/3-300x231.png 300w, https:\/\/agora.xtec.cat\/instarragona\/wp-content\/uploads\/usu484\/2025\/03\/3-768x590.png 768w\" sizes=\"auto, (max-width: 865px) 100vw, 865px\" \/><\/div>\n<div class=\"adL\"><\/div>\n","protected":false},"excerpt":{"rendered":"<p>Els alumnes de 1r d&#8217;ESO han participat en el taller del CaixaForum &#8220;Quan els nombres canten&#8221;. Un espai on la matem\u00e0tica i la m\u00fasica s&#8217;han fusionat per mostrar com els nombres poden crear melodies sorprenents. Una activitat creativa que ha despertat la curiositat dels <a&hellip;  <a href=\"https:\/\/agora.xtec.cat\/instarragona\/eso\/quan-els-nombres-canten\/\" title=\"Read Quan els nombres canten\">Llegeix m\u00e9s\u00bb<\/a><\/p>\n","protected":false},"author":1,"featured_media":6012,"comment_status":"open","ping_status":"closed","sticky":false,"template":"","format":"standard","meta":{"_bbp_topic_count":0,"_bbp_reply_count":0,"_bbp_total_topic_count":0,"_bbp_total_reply_count":0,"_bbp_voice_count":0,"_bbp_anonymous_reply_count":0,"_bbp_topic_count_hidden":0,"_bbp_reply_count_hidden":0,"_bbp_forum_subforum_count":0,"footnotes":""},"categories":[3,29],"tags":[111,58],"class_list":["post-6008","post","type-post","status-publish","format-standard","has-post-thumbnail","hentry","category-eso","category-portada","tag-musica","tag-tallers"],"post_mailing_queue_ids":[],"_links":{"self":[{"href":"https:\/\/agora.xtec.cat\/instarragona\/wp-json\/wp\/v2\/posts\/6008","targetHints":{"allow":["GET"]}}],"collection":[{"href":"https:\/\/agora.xtec.cat\/instarragona\/wp-json\/wp\/v2\/posts"}],"about":[{"href":"https:\/\/agora.xtec.cat\/instarragona\/wp-json\/wp\/v2\/types\/post"}],"author":[{"embeddable":true,"href":"https:\/\/agora.xtec.cat\/instarragona\/wp-json\/wp\/v2\/users\/1"}],"replies":[{"embeddable":true,"href":"https:\/\/agora.xtec.cat\/instarragona\/wp-json\/wp\/v2\/comments?post=6008"}],"version-history":[{"count":5,"href":"https:\/\/agora.xtec.cat\/instarragona\/wp-json\/wp\/v2\/posts\/6008\/revisions"}],"predecessor-version":[{"id":6016,"href":"https:\/\/agora.xtec.cat\/instarragona\/wp-json\/wp\/v2\/posts\/6008\/revisions\/6016"}],"wp:featuredmedia":[{"embeddable":true,"href":"https:\/\/agora.xtec.cat\/instarragona\/wp-json\/wp\/v2\/media\/6012"}],"wp:attachment":[{"href":"https:\/\/agora.xtec.cat\/instarragona\/wp-json\/wp\/v2\/media?parent=6008"}],"wp:term":[{"taxonomy":"category","embeddable":true,"href":"https:\/\/agora.xtec.cat\/instarragona\/wp-json\/wp\/v2\/categories?post=6008"},{"taxonomy":"post_tag","embeddable":true,"href":"https:\/\/agora.xtec.cat\/instarragona\/wp-json\/wp\/v2\/tags?post=6008"}],"curies":[{"name":"wp","href":"https:\/\/api.w.org\/{rel}","templated":true}]}}