{"id":5978,"date":"2025-03-07T08:21:25","date_gmt":"2025-03-07T07:21:25","guid":{"rendered":"https:\/\/agora.xtec.cat\/instarragona\/?p=5978"},"modified":"2025-03-23T20:56:27","modified_gmt":"2025-03-23T19:56:27","slug":"teatre-en-frances","status":"publish","type":"post","link":"https:\/\/agora.xtec.cat\/instarragona\/eso\/teatre-en-frances\/","title":{"rendered":"Teatre en franc\u00e8s"},"content":{"rendered":"<p dir=\"auto\">L&#8217;alumnat que cursa franc\u00e8s de tots els nivells d&#8217;ESO ha gaudit aquest mati de l&#8217;obra <strong>&#8220;Souvenirs &#8211; Les m\u00e9moires d&#8217;\u00c9tienne&#8221;<\/strong> al teatre Bartrina de Reus.<\/p>\n<p dir=\"auto\">L&#8217;obra explica la hist\u00f2ria del doctor \u00c9tienne Garnier, un cient\u00edfic del camp de la f\u00edsica i la qu\u00edmica que a causa de l&#8217;edat, comen\u00e7a a perdre la mem\u00f2ria. Sense fam\u00edlia, nom\u00e9s compta amb la companyia de la intel\u00b7lig\u00e8ncia artificial Miri, que l&#8217;ajuda en la seva vida di\u00e0ria i en la lluita contra l&#8217;oblit.<\/p>\n<p dir=\"auto\">L&#8217;obra ens fa reflexionar sobre la fragilitat de la mem\u00f2ria i la import\u00e0ncia de la companyia i el caliu hum\u00e0, una realitat tristament comuna que posa de manifest la import\u00e0ncia de les connexions humanes.<\/p>\n<p dir=\"auto\" style=\"text-align: center;\"><img loading=\"lazy\" decoding=\"async\" class=\"aligncenter size-full wp-image-5979\" src=\"https:\/\/agora.xtec.cat\/instarragona\/wp-content\/uploads\/usu484\/2025\/03\/2.jpg\" alt=\"\" width=\"1301\" height=\"782\" srcset=\"https:\/\/agora.xtec.cat\/instarragona\/wp-content\/uploads\/usu484\/2025\/03\/2.jpg 1301w, https:\/\/agora.xtec.cat\/instarragona\/wp-content\/uploads\/usu484\/2025\/03\/2-300x180.jpg 300w, https:\/\/agora.xtec.cat\/instarragona\/wp-content\/uploads\/usu484\/2025\/03\/2-1024x616.jpg 1024w, https:\/\/agora.xtec.cat\/instarragona\/wp-content\/uploads\/usu484\/2025\/03\/2-768x462.jpg 768w\" sizes=\"auto, (max-width: 1301px) 100vw, 1301px\" \/><\/p>\n<p dir=\"auto\" style=\"text-align: center;\"><img loading=\"lazy\" decoding=\"async\" class=\"aligncenter size-full wp-image-5980\" src=\"https:\/\/agora.xtec.cat\/instarragona\/wp-content\/uploads\/usu484\/2025\/03\/Captura.jpg\" alt=\"\" width=\"1752\" height=\"792\" srcset=\"https:\/\/agora.xtec.cat\/instarragona\/wp-content\/uploads\/usu484\/2025\/03\/Captura.jpg 1752w, https:\/\/agora.xtec.cat\/instarragona\/wp-content\/uploads\/usu484\/2025\/03\/Captura-300x136.jpg 300w, https:\/\/agora.xtec.cat\/instarragona\/wp-content\/uploads\/usu484\/2025\/03\/Captura-1024x463.jpg 1024w, https:\/\/agora.xtec.cat\/instarragona\/wp-content\/uploads\/usu484\/2025\/03\/Captura-768x347.jpg 768w, https:\/\/agora.xtec.cat\/instarragona\/wp-content\/uploads\/usu484\/2025\/03\/Captura-1536x694.jpg 1536w\" sizes=\"auto, (max-width: 1752px) 100vw, 1752px\" \/><\/p>\n","protected":false},"excerpt":{"rendered":"<p>L&#8217;alumnat que cursa franc\u00e8s de tots els nivells d&#8217;ESO ha gaudit aquest mati de l&#8217;obra &#8220;Souvenirs &#8211; Les m\u00e9moires d&#8217;\u00c9tienne&#8221; al teatre Bartrina de Reus.<br \/>\nL&#8217;obra explica la hist\u00f2ria del doctor \u00c9tienne Garnier, un cient\u00edfic del camp de la f\u00edsica i la qu\u00edmica que a causa&hellip;  <a href=\"https:\/\/agora.xtec.cat\/instarragona\/eso\/teatre-en-frances\/\" title=\"Read Teatre en franc\u00e8s\">Llegeix m\u00e9s\u00bb<\/a><\/p>\n","protected":false},"author":1,"featured_media":5980,"comment_status":"open","ping_status":"closed","sticky":false,"template":"","format":"standard","meta":{"_bbp_topic_count":0,"_bbp_reply_count":0,"_bbp_total_topic_count":0,"_bbp_total_reply_count":0,"_bbp_voice_count":0,"_bbp_anonymous_reply_count":0,"_bbp_topic_count_hidden":0,"_bbp_reply_count_hidden":0,"_bbp_forum_subforum_count":0,"footnotes":""},"categories":[3,29],"tags":[126,40],"class_list":["post-5978","post","type-post","status-publish","format-standard","has-post-thumbnail","hentry","category-eso","category-portada","tag-frances","tag-teatre"],"post_mailing_queue_ids":[],"_links":{"self":[{"href":"https:\/\/agora.xtec.cat\/instarragona\/wp-json\/wp\/v2\/posts\/5978","targetHints":{"allow":["GET"]}}],"collection":[{"href":"https:\/\/agora.xtec.cat\/instarragona\/wp-json\/wp\/v2\/posts"}],"about":[{"href":"https:\/\/agora.xtec.cat\/instarragona\/wp-json\/wp\/v2\/types\/post"}],"author":[{"embeddable":true,"href":"https:\/\/agora.xtec.cat\/instarragona\/wp-json\/wp\/v2\/users\/1"}],"replies":[{"embeddable":true,"href":"https:\/\/agora.xtec.cat\/instarragona\/wp-json\/wp\/v2\/comments?post=5978"}],"version-history":[{"count":3,"href":"https:\/\/agora.xtec.cat\/instarragona\/wp-json\/wp\/v2\/posts\/5978\/revisions"}],"predecessor-version":[{"id":6034,"href":"https:\/\/agora.xtec.cat\/instarragona\/wp-json\/wp\/v2\/posts\/5978\/revisions\/6034"}],"wp:featuredmedia":[{"embeddable":true,"href":"https:\/\/agora.xtec.cat\/instarragona\/wp-json\/wp\/v2\/media\/5980"}],"wp:attachment":[{"href":"https:\/\/agora.xtec.cat\/instarragona\/wp-json\/wp\/v2\/media?parent=5978"}],"wp:term":[{"taxonomy":"category","embeddable":true,"href":"https:\/\/agora.xtec.cat\/instarragona\/wp-json\/wp\/v2\/categories?post=5978"},{"taxonomy":"post_tag","embeddable":true,"href":"https:\/\/agora.xtec.cat\/instarragona\/wp-json\/wp\/v2\/tags?post=5978"}],"curies":[{"name":"wp","href":"https:\/\/api.w.org\/{rel}","templated":true}]}}