{"id":5969,"date":"2025-02-28T08:49:22","date_gmt":"2025-02-28T07:49:22","guid":{"rendered":"https:\/\/agora.xtec.cat\/instarragona\/?p=5969"},"modified":"2025-02-28T08:49:22","modified_gmt":"2025-02-28T07:49:22","slug":"la-llengua-materna","status":"publish","type":"post","link":"https:\/\/agora.xtec.cat\/instarragona\/portada\/la-llengua-materna\/","title":{"rendered":"La llengua materna"},"content":{"rendered":"<p>El dia 21 de febrer es celebra el Dia Internacional de la Llengua materna!\u00a0El nostre alumnat de l\u2019aula d\u2019acollida ha creat un mural amb esl\u00f2gans \u00fanics per compartir la bellesa i diversitat de les lleng\u00fces del m\u00f3n. \ud83c\udf0e La nostra Aula d&#8217;acollida ha tingut un paper rellevant en la celebraci\u00f3 de la diada.<\/p>\n<p><img loading=\"lazy\" decoding=\"async\" class=\"aligncenter size-full wp-image-5970\" src=\"https:\/\/agora.xtec.cat\/instarragona\/wp-content\/uploads\/usu484\/2025\/02\/Captura-2.png\" alt=\"\" width=\"521\" height=\"317\" srcset=\"https:\/\/agora.xtec.cat\/instarragona\/wp-content\/uploads\/usu484\/2025\/02\/Captura-2.png 521w, https:\/\/agora.xtec.cat\/instarragona\/wp-content\/uploads\/usu484\/2025\/02\/Captura-2-300x183.png 300w\" sizes=\"auto, (max-width: 521px) 100vw, 521px\" \/><\/p>\n<p style=\"text-align: center;\"><img loading=\"lazy\" decoding=\"async\" class=\"aligncenter size-full wp-image-5971\" src=\"https:\/\/agora.xtec.cat\/instarragona\/wp-content\/uploads\/usu484\/2025\/02\/2.png\" alt=\"\" width=\"515\" height=\"313\" srcset=\"https:\/\/agora.xtec.cat\/instarragona\/wp-content\/uploads\/usu484\/2025\/02\/2.png 515w, https:\/\/agora.xtec.cat\/instarragona\/wp-content\/uploads\/usu484\/2025\/02\/2-300x182.png 300w\" sizes=\"auto, (max-width: 515px) 100vw, 515px\" \/><\/p>\n","protected":false},"excerpt":{"rendered":"<p>El dia 21 de febrer es celebra el Dia Internacional de la Llengua materna!\u00a0El nostre alumnat de l\u2019aula d\u2019acollida ha creat un mural amb esl\u00f2gans \u00fanics per compartir la bellesa i diversitat de les lleng\u00fces del m\u00f3n. \ud83c\udf0e La nostra Aula d&#8217;acollida ha tingut un&hellip;  <a href=\"https:\/\/agora.xtec.cat\/instarragona\/portada\/la-llengua-materna\/\" title=\"Read La llengua materna\">Llegeix m\u00e9s\u00bb<\/a><\/p>\n","protected":false},"author":1,"featured_media":5971,"comment_status":"open","ping_status":"closed","sticky":false,"template":"","format":"standard","meta":{"_bbp_topic_count":0,"_bbp_reply_count":0,"_bbp_total_topic_count":0,"_bbp_total_reply_count":0,"_bbp_voice_count":0,"_bbp_anonymous_reply_count":0,"_bbp_topic_count_hidden":0,"_bbp_reply_count_hidden":0,"_bbp_forum_subforum_count":0,"footnotes":""},"categories":[29],"tags":[128],"class_list":["post-5969","post","type-post","status-publish","format-standard","has-post-thumbnail","hentry","category-portada","tag-aula-acollida"],"post_mailing_queue_ids":[],"_links":{"self":[{"href":"https:\/\/agora.xtec.cat\/instarragona\/wp-json\/wp\/v2\/posts\/5969","targetHints":{"allow":["GET"]}}],"collection":[{"href":"https:\/\/agora.xtec.cat\/instarragona\/wp-json\/wp\/v2\/posts"}],"about":[{"href":"https:\/\/agora.xtec.cat\/instarragona\/wp-json\/wp\/v2\/types\/post"}],"author":[{"embeddable":true,"href":"https:\/\/agora.xtec.cat\/instarragona\/wp-json\/wp\/v2\/users\/1"}],"replies":[{"embeddable":true,"href":"https:\/\/agora.xtec.cat\/instarragona\/wp-json\/wp\/v2\/comments?post=5969"}],"version-history":[{"count":1,"href":"https:\/\/agora.xtec.cat\/instarragona\/wp-json\/wp\/v2\/posts\/5969\/revisions"}],"predecessor-version":[{"id":5972,"href":"https:\/\/agora.xtec.cat\/instarragona\/wp-json\/wp\/v2\/posts\/5969\/revisions\/5972"}],"wp:featuredmedia":[{"embeddable":true,"href":"https:\/\/agora.xtec.cat\/instarragona\/wp-json\/wp\/v2\/media\/5971"}],"wp:attachment":[{"href":"https:\/\/agora.xtec.cat\/instarragona\/wp-json\/wp\/v2\/media?parent=5969"}],"wp:term":[{"taxonomy":"category","embeddable":true,"href":"https:\/\/agora.xtec.cat\/instarragona\/wp-json\/wp\/v2\/categories?post=5969"},{"taxonomy":"post_tag","embeddable":true,"href":"https:\/\/agora.xtec.cat\/instarragona\/wp-json\/wp\/v2\/tags?post=5969"}],"curies":[{"name":"wp","href":"https:\/\/api.w.org\/{rel}","templated":true}]}}