{"id":5965,"date":"2025-02-28T08:43:25","date_gmt":"2025-02-28T07:43:25","guid":{"rendered":"https:\/\/agora.xtec.cat\/instarragona\/?p=5965"},"modified":"2025-02-28T08:43:47","modified_gmt":"2025-02-28T07:43:47","slug":"el-centre-dansa-per-la-inclusio","status":"publish","type":"post","link":"https:\/\/agora.xtec.cat\/instarragona\/eso\/eso-1\/el-centre-dansa-per-la-inclusio\/","title":{"rendered":"El centre dansa per la inclusi\u00f3"},"content":{"rendered":"<p>A l&#8217;institut Tarragona treballem per tal de facilitar la inclusi\u00f3 de tot l&#8217;alumnat i per aix\u00f2 participem, amb els alumnes de 1r d&#8217;ESO, en el projecte <a href=\"https:\/\/projectes.xtec.cat\/educacioinclusiva\/tag\/centresendansaperlainclusio\/\" target=\"_blank\" rel=\"noopener\"><strong>\u00a0#centresendansaperlainclusi\u00f3.<\/strong><\/a><\/p>\n<p>A la fase 1, centrada en activitats de coneixement de la diversitat, hem treballat el v\u00eddeo <strong><a href=\"https:\/\/www.youtube.com\/watch?v=jD8tjhVO1Tc\" target=\"_blank\" rel=\"noopener\"><i>All that we share<\/i><\/a><\/strong> i hem fet una din\u00e0mica en la que ens hem adonat que amb els nostres companys tenim m\u00e9s punts en com\u00fa del que pens\u00e0vem!<\/p>\n<p><img loading=\"lazy\" decoding=\"async\" class=\"aligncenter size-full wp-image-5966\" src=\"https:\/\/agora.xtec.cat\/instarragona\/wp-content\/uploads\/usu484\/2025\/02\/Sessio-1.jpeg\" alt=\"\" width=\"2000\" height=\"1500\" srcset=\"https:\/\/agora.xtec.cat\/instarragona\/wp-content\/uploads\/usu484\/2025\/02\/Sessio-1.jpeg 2000w, https:\/\/agora.xtec.cat\/instarragona\/wp-content\/uploads\/usu484\/2025\/02\/Sessio-1-300x225.jpeg 300w, https:\/\/agora.xtec.cat\/instarragona\/wp-content\/uploads\/usu484\/2025\/02\/Sessio-1-1024x768.jpeg 1024w, https:\/\/agora.xtec.cat\/instarragona\/wp-content\/uploads\/usu484\/2025\/02\/Sessio-1-768x576.jpeg 768w, https:\/\/agora.xtec.cat\/instarragona\/wp-content\/uploads\/usu484\/2025\/02\/Sessio-1-1536x1152.jpeg 1536w, https:\/\/agora.xtec.cat\/instarragona\/wp-content\/uploads\/usu484\/2025\/02\/Sessio-1-200x150.jpeg 200w\" sizes=\"auto, (max-width: 2000px) 100vw, 2000px\" \/><\/p>\n<p style=\"text-align: center;\"><iframe loading=\"lazy\" title=\"YouTube video player\" src=\"https:\/\/www.youtube.com\/embed\/jD8tjhVO1Tc?si=szuR4b3ppzCtR1Mn\" width=\"560\" height=\"315\" frameborder=\"0\" allowfullscreen=\"allowfullscreen\"><\/iframe><\/p>\n<p>&nbsp;<\/p>\n","protected":false},"excerpt":{"rendered":"<p>A l&#8217;institut Tarragona treballem per tal de facilitar la inclusi\u00f3 de tot l&#8217;alumnat i per aix\u00f2 participem, amb els alumnes de 1r d&#8217;ESO, en el projecte <a href=\"https:\/\/projectes.xtec.cat\/educacioinclusiva\/tag\/centresendansaperlainclusio\/\" target=\"_blank\" rel=\"noopener\">\u00a0#centresendansaperlainclusi\u00f3.<\/a><br \/>\nA la fase 1, centrada en activitats de coneixement de la diversitat, hem treballat el v\u00eddeo&hellip;  <a href=\"https:\/\/agora.xtec.cat\/instarragona\/eso\/eso-1\/el-centre-dansa-per-la-inclusio\/\" title=\"Read El centre dansa per la inclusi\u00f3\">Llegeix m\u00e9s\u00bb<\/a><\/p>\n","protected":false},"author":1,"featured_media":5966,"comment_status":"open","ping_status":"closed","sticky":false,"template":"","format":"standard","meta":{"_bbp_topic_count":0,"_bbp_reply_count":0,"_bbp_total_topic_count":0,"_bbp_total_reply_count":0,"_bbp_voice_count":0,"_bbp_anonymous_reply_count":0,"_bbp_topic_count_hidden":0,"_bbp_reply_count_hidden":0,"_bbp_forum_subforum_count":0,"footnotes":""},"categories":[4,29],"tags":[155,122],"class_list":["post-5965","post","type-post","status-publish","format-standard","has-post-thumbnail","hentry","category-eso-1","category-portada","tag-inclusio","tag-siei"],"post_mailing_queue_ids":[],"_links":{"self":[{"href":"https:\/\/agora.xtec.cat\/instarragona\/wp-json\/wp\/v2\/posts\/5965","targetHints":{"allow":["GET"]}}],"collection":[{"href":"https:\/\/agora.xtec.cat\/instarragona\/wp-json\/wp\/v2\/posts"}],"about":[{"href":"https:\/\/agora.xtec.cat\/instarragona\/wp-json\/wp\/v2\/types\/post"}],"author":[{"embeddable":true,"href":"https:\/\/agora.xtec.cat\/instarragona\/wp-json\/wp\/v2\/users\/1"}],"replies":[{"embeddable":true,"href":"https:\/\/agora.xtec.cat\/instarragona\/wp-json\/wp\/v2\/comments?post=5965"}],"version-history":[{"count":1,"href":"https:\/\/agora.xtec.cat\/instarragona\/wp-json\/wp\/v2\/posts\/5965\/revisions"}],"predecessor-version":[{"id":5968,"href":"https:\/\/agora.xtec.cat\/instarragona\/wp-json\/wp\/v2\/posts\/5965\/revisions\/5968"}],"wp:featuredmedia":[{"embeddable":true,"href":"https:\/\/agora.xtec.cat\/instarragona\/wp-json\/wp\/v2\/media\/5966"}],"wp:attachment":[{"href":"https:\/\/agora.xtec.cat\/instarragona\/wp-json\/wp\/v2\/media?parent=5965"}],"wp:term":[{"taxonomy":"category","embeddable":true,"href":"https:\/\/agora.xtec.cat\/instarragona\/wp-json\/wp\/v2\/categories?post=5965"},{"taxonomy":"post_tag","embeddable":true,"href":"https:\/\/agora.xtec.cat\/instarragona\/wp-json\/wp\/v2\/tags?post=5965"}],"curies":[{"name":"wp","href":"https:\/\/api.w.org\/{rel}","templated":true}]}}