{"id":5896,"date":"2025-02-19T16:10:43","date_gmt":"2025-02-19T15:10:43","guid":{"rendered":"https:\/\/agora.xtec.cat\/instarragona\/?p=5896"},"modified":"2025-02-19T16:14:04","modified_gmt":"2025-02-19T15:14:04","slug":"lesquiada-amb-2n-deso","status":"publish","type":"post","link":"https:\/\/agora.xtec.cat\/instarragona\/eso\/eso-2\/lesquiada-amb-2n-deso\/","title":{"rendered":"L&#8217;esquiada amb 2n de l&#8217;ESO"},"content":{"rendered":"<p>El departament d&#8217;educaci\u00f3 f\u00edsica ha organitzat una <a href=\"https:\/\/drive.google.com\/drive\/folders\/1_b49UgkNz5Sf1Y-Y5xTqnzYLdAxNMK0Y?usp=sharing\" target=\"_blank\" rel=\"noopener\"><strong>esquiada<\/strong> <\/a>per als alumnes de 2n d&#8217;ESO de tres dies a l&#8217;estaci\u00f3 d&#8217;esqu\u00ed de La Molina. L&#8217;alumnat ha gaudit de 15 hores d&#8217;esqu\u00ed amb monitors titulats i jocs de lleure per\u00a0 la cohesi\u00f3 grupal. Tamb\u00e9 hem visitat les parts m\u00e9s emblem\u00e0tiques de la ciutat de Puigcerd\u00e0 i per acabar&#8230; minidisco! No vam parar de ballar.<\/p>\n<p style=\"text-align: center;\"><img loading=\"lazy\" decoding=\"async\" class=\"aligncenter wp-image-5900\" src=\"https:\/\/agora.xtec.cat\/instarragona\/wp-content\/uploads\/usu484\/2025\/02\/2.jpg\" alt=\"\" width=\"842\" height=\"610\" srcset=\"https:\/\/agora.xtec.cat\/instarragona\/wp-content\/uploads\/usu484\/2025\/02\/2.jpg 1105w, https:\/\/agora.xtec.cat\/instarragona\/wp-content\/uploads\/usu484\/2025\/02\/2-300x217.jpg 300w, https:\/\/agora.xtec.cat\/instarragona\/wp-content\/uploads\/usu484\/2025\/02\/2-1024x742.jpg 1024w, https:\/\/agora.xtec.cat\/instarragona\/wp-content\/uploads\/usu484\/2025\/02\/2-768x557.jpg 768w\" sizes=\"auto, (max-width: 842px) 100vw, 842px\" \/><\/p>\n<p><img loading=\"lazy\" decoding=\"async\" class=\"aligncenter wp-image-5899\" src=\"https:\/\/agora.xtec.cat\/instarragona\/wp-content\/uploads\/usu484\/2025\/02\/3-1.jpg\" alt=\"\" width=\"842\" height=\"638\" srcset=\"https:\/\/agora.xtec.cat\/instarragona\/wp-content\/uploads\/usu484\/2025\/02\/3-1.jpg 1122w, https:\/\/agora.xtec.cat\/instarragona\/wp-content\/uploads\/usu484\/2025\/02\/3-1-300x227.jpg 300w, https:\/\/agora.xtec.cat\/instarragona\/wp-content\/uploads\/usu484\/2025\/02\/3-1-1024x776.jpg 1024w, https:\/\/agora.xtec.cat\/instarragona\/wp-content\/uploads\/usu484\/2025\/02\/3-1-768x582.jpg 768w\" sizes=\"auto, (max-width: 842px) 100vw, 842px\" \/><\/p>\n<p>&nbsp;<\/p>\n","protected":false},"excerpt":{"rendered":"<p>El departament d&#8217;educaci\u00f3 f\u00edsica ha organitzat una <a href=\"https:\/\/drive.google.com\/drive\/folders\/1_b49UgkNz5Sf1Y-Y5xTqnzYLdAxNMK0Y?usp=sharing\" target=\"_blank\" rel=\"noopener\">esquiada <\/a>per als alumnes de 2n d&#8217;ESO de tres dies a l&#8217;estaci\u00f3 d&#8217;esqu\u00ed de La Molina. L&#8217;alumnat ha gaudit de 15 hores d&#8217;esqu\u00ed amb monitors titulats i jocs de lleure per\u00a0 la cohesi\u00f3 grupal. Tamb\u00e9&hellip;  <a href=\"https:\/\/agora.xtec.cat\/instarragona\/eso\/eso-2\/lesquiada-amb-2n-deso\/\" title=\"Read L&#8217;esquiada amb 2n de l&#8217;ESO\">Llegeix m\u00e9s\u00bb<\/a><\/p>\n","protected":false},"author":1,"featured_media":5897,"comment_status":"open","ping_status":"closed","sticky":false,"template":"","format":"standard","meta":{"_bbp_topic_count":0,"_bbp_reply_count":0,"_bbp_total_topic_count":0,"_bbp_total_reply_count":0,"_bbp_voice_count":0,"_bbp_anonymous_reply_count":0,"_bbp_topic_count_hidden":0,"_bbp_reply_count_hidden":0,"_bbp_forum_subforum_count":0,"footnotes":""},"categories":[5,29],"tags":[138,39],"class_list":["post-5896","post","type-post","status-publish","format-standard","has-post-thumbnail","hentry","category-eso-2","category-portada","tag-ef","tag-sortides"],"post_mailing_queue_ids":[],"_links":{"self":[{"href":"https:\/\/agora.xtec.cat\/instarragona\/wp-json\/wp\/v2\/posts\/5896","targetHints":{"allow":["GET"]}}],"collection":[{"href":"https:\/\/agora.xtec.cat\/instarragona\/wp-json\/wp\/v2\/posts"}],"about":[{"href":"https:\/\/agora.xtec.cat\/instarragona\/wp-json\/wp\/v2\/types\/post"}],"author":[{"embeddable":true,"href":"https:\/\/agora.xtec.cat\/instarragona\/wp-json\/wp\/v2\/users\/1"}],"replies":[{"embeddable":true,"href":"https:\/\/agora.xtec.cat\/instarragona\/wp-json\/wp\/v2\/comments?post=5896"}],"version-history":[{"count":6,"href":"https:\/\/agora.xtec.cat\/instarragona\/wp-json\/wp\/v2\/posts\/5896\/revisions"}],"predecessor-version":[{"id":5906,"href":"https:\/\/agora.xtec.cat\/instarragona\/wp-json\/wp\/v2\/posts\/5896\/revisions\/5906"}],"wp:featuredmedia":[{"embeddable":true,"href":"https:\/\/agora.xtec.cat\/instarragona\/wp-json\/wp\/v2\/media\/5897"}],"wp:attachment":[{"href":"https:\/\/agora.xtec.cat\/instarragona\/wp-json\/wp\/v2\/media?parent=5896"}],"wp:term":[{"taxonomy":"category","embeddable":true,"href":"https:\/\/agora.xtec.cat\/instarragona\/wp-json\/wp\/v2\/categories?post=5896"},{"taxonomy":"post_tag","embeddable":true,"href":"https:\/\/agora.xtec.cat\/instarragona\/wp-json\/wp\/v2\/tags?post=5896"}],"curies":[{"name":"wp","href":"https:\/\/api.w.org\/{rel}","templated":true}]}}