{"id":5891,"date":"2025-02-14T08:44:03","date_gmt":"2025-02-14T07:44:03","guid":{"rendered":"https:\/\/agora.xtec.cat\/instarragona\/?p=5891"},"modified":"2025-02-14T08:44:03","modified_gmt":"2025-02-14T07:44:03","slug":"no-acceptem-lassetjament-escolar","status":"publish","type":"post","link":"https:\/\/agora.xtec.cat\/instarragona\/eso\/eso-1\/no-acceptem-lassetjament-escolar\/","title":{"rendered":"No acceptem l&#8217;assetjament escolar!"},"content":{"rendered":"<div id=\":1au\" class=\"ii gt\">\n<div id=\":1at\" class=\"a3s aiL \">\n<div dir=\"auto\">\n<p dir=\"auto\">L&#8217;alumnat de 1r d&#8217;ESO ha pogut gaudir de l&#8217;obra teatral Mr. Bullying al Palau de Congressos. Mr. Bullying \u00e9s la hist\u00f2ria d&#8217;una noia nova a l&#8217;institut. A poc a poc, la vida de la protagonista es veu afectada i perjudicada sense saber molt b\u00e9 el perqu\u00e8. No acaba d&#8217;encaixar al grup&#8230; i s&#8217;ha fet un s\u00edmil amb un bloc de caixes dalt de l&#8217;escenari.\u00a0Una situaci\u00f3 que es pot donar en la realitat dels adolescents, sobre la qual hem de treballar.<\/p>\n<p dir=\"auto\">Mr. Bullying \u00e9s una bona obra que permet reflexionar i refor\u00e7ar el vincle entre iguals i, a la vegada, extingir aquest tipus de conflictes.<\/p>\n<p dir=\"auto\" style=\"text-align: center;\"><img loading=\"lazy\" decoding=\"async\" class=\"aligncenter size-full wp-image-5892\" src=\"https:\/\/agora.xtec.cat\/instarragona\/wp-content\/uploads\/usu484\/2025\/02\/Captura-5.jpg\" alt=\"\" width=\"1046\" height=\"830\" srcset=\"https:\/\/agora.xtec.cat\/instarragona\/wp-content\/uploads\/usu484\/2025\/02\/Captura-5.jpg 1046w, https:\/\/agora.xtec.cat\/instarragona\/wp-content\/uploads\/usu484\/2025\/02\/Captura-5-300x238.jpg 300w, https:\/\/agora.xtec.cat\/instarragona\/wp-content\/uploads\/usu484\/2025\/02\/Captura-5-1024x813.jpg 1024w, https:\/\/agora.xtec.cat\/instarragona\/wp-content\/uploads\/usu484\/2025\/02\/Captura-5-768x609.jpg 768w\" sizes=\"auto, (max-width: 1046px) 100vw, 1046px\" \/><\/p>\n<p dir=\"auto\">\n<\/div>\n<p class=\"yj6qo\">\n<p class=\"adL\">\n<\/div>\n<\/div>\n<p id=\":1bq\" class=\"hq gt\">\n","protected":false},"excerpt":{"rendered":"<p>L&#8217;alumnat de 1r d&#8217;ESO ha pogut gaudir de l&#8217;obra teatral Mr. Bullying al Palau de Congressos. Mr. Bullying \u00e9s la hist\u00f2ria d&#8217;una noia nova a l&#8217;institut. A poc a poc, la vida de la protagonista es veu afectada i perjudicada sense saber molt b\u00e9 el&hellip;  <a href=\"https:\/\/agora.xtec.cat\/instarragona\/eso\/eso-1\/no-acceptem-lassetjament-escolar\/\" title=\"Read No acceptem l&#8217;assetjament escolar!\">Llegeix m\u00e9s\u00bb<\/a><\/p>\n","protected":false},"author":1,"featured_media":5893,"comment_status":"open","ping_status":"closed","sticky":false,"template":"","format":"standard","meta":{"_bbp_topic_count":0,"_bbp_reply_count":0,"_bbp_total_topic_count":0,"_bbp_total_reply_count":0,"_bbp_voice_count":0,"_bbp_anonymous_reply_count":0,"_bbp_topic_count_hidden":0,"_bbp_reply_count_hidden":0,"_bbp_forum_subforum_count":0,"footnotes":""},"categories":[4,29],"tags":[39,40],"class_list":["post-5891","post","type-post","status-publish","format-standard","has-post-thumbnail","hentry","category-eso-1","category-portada","tag-sortides","tag-teatre"],"post_mailing_queue_ids":[],"_links":{"self":[{"href":"https:\/\/agora.xtec.cat\/instarragona\/wp-json\/wp\/v2\/posts\/5891","targetHints":{"allow":["GET"]}}],"collection":[{"href":"https:\/\/agora.xtec.cat\/instarragona\/wp-json\/wp\/v2\/posts"}],"about":[{"href":"https:\/\/agora.xtec.cat\/instarragona\/wp-json\/wp\/v2\/types\/post"}],"author":[{"embeddable":true,"href":"https:\/\/agora.xtec.cat\/instarragona\/wp-json\/wp\/v2\/users\/1"}],"replies":[{"embeddable":true,"href":"https:\/\/agora.xtec.cat\/instarragona\/wp-json\/wp\/v2\/comments?post=5891"}],"version-history":[{"count":1,"href":"https:\/\/agora.xtec.cat\/instarragona\/wp-json\/wp\/v2\/posts\/5891\/revisions"}],"predecessor-version":[{"id":5894,"href":"https:\/\/agora.xtec.cat\/instarragona\/wp-json\/wp\/v2\/posts\/5891\/revisions\/5894"}],"wp:featuredmedia":[{"embeddable":true,"href":"https:\/\/agora.xtec.cat\/instarragona\/wp-json\/wp\/v2\/media\/5893"}],"wp:attachment":[{"href":"https:\/\/agora.xtec.cat\/instarragona\/wp-json\/wp\/v2\/media?parent=5891"}],"wp:term":[{"taxonomy":"category","embeddable":true,"href":"https:\/\/agora.xtec.cat\/instarragona\/wp-json\/wp\/v2\/categories?post=5891"},{"taxonomy":"post_tag","embeddable":true,"href":"https:\/\/agora.xtec.cat\/instarragona\/wp-json\/wp\/v2\/tags?post=5891"}],"curies":[{"name":"wp","href":"https:\/\/api.w.org\/{rel}","templated":true}]}}