{"id":5885,"date":"2025-02-14T08:37:00","date_gmt":"2025-02-14T07:37:00","guid":{"rendered":"https:\/\/agora.xtec.cat\/instarragona\/?p=5885"},"modified":"2025-02-14T08:37:17","modified_gmt":"2025-02-14T07:37:17","slug":"el-paper-de-les-dones","status":"publish","type":"post","link":"https:\/\/agora.xtec.cat\/instarragona\/eso\/eso-3\/el-paper-de-les-dones\/","title":{"rendered":"El paper de les dones"},"content":{"rendered":"<p>Al projecte de 3r d&#8217;ESO dels \u00e0mbits social i art\u00edstic hem tractat el tema del paper de les dones, els alumnes han entrevistat a dones grans del seu \u00e0mbit familiar o pr\u00f2xim i tamb\u00e9 han rebut la visita de la Teresa i la Lourdes, dues dones lluitadores que han parlat de com ha canviat la vida de les dones tant al m\u00f3n laboral com familiar durant l&#8217;\u00faltim segle.<\/p>\n<p style=\"text-align: center;\"><img loading=\"lazy\" decoding=\"async\" class=\"aligncenter size-full wp-image-5886\" src=\"https:\/\/agora.xtec.cat\/instarragona\/wp-content\/uploads\/usu484\/2025\/02\/Captura-1.jpg\" alt=\"\" width=\"828\" height=\"410\" srcset=\"https:\/\/agora.xtec.cat\/instarragona\/wp-content\/uploads\/usu484\/2025\/02\/Captura-1.jpg 828w, https:\/\/agora.xtec.cat\/instarragona\/wp-content\/uploads\/usu484\/2025\/02\/Captura-1-300x149.jpg 300w, https:\/\/agora.xtec.cat\/instarragona\/wp-content\/uploads\/usu484\/2025\/02\/Captura-1-768x380.jpg 768w\" sizes=\"auto, (max-width: 828px) 100vw, 828px\" \/><\/p>\n<p>L&#8217;activitat s&#8217;ha completat amb una visita guiada a Reus amb el t\u00edtol de <strong>&#8220;1915: revoluci\u00f3 femenina a Reus&#8221;.<\/strong><\/p>\n<p style=\"text-align: center;\"><img loading=\"lazy\" decoding=\"async\" class=\"aligncenter size-full wp-image-5888\" src=\"https:\/\/agora.xtec.cat\/instarragona\/wp-content\/uploads\/usu484\/2025\/02\/Captura-3.jpg\" alt=\"\" width=\"817\" height=\"816\" srcset=\"https:\/\/agora.xtec.cat\/instarragona\/wp-content\/uploads\/usu484\/2025\/02\/Captura-3.jpg 817w, https:\/\/agora.xtec.cat\/instarragona\/wp-content\/uploads\/usu484\/2025\/02\/Captura-3-300x300.jpg 300w, https:\/\/agora.xtec.cat\/instarragona\/wp-content\/uploads\/usu484\/2025\/02\/Captura-3-150x150.jpg 150w, https:\/\/agora.xtec.cat\/instarragona\/wp-content\/uploads\/usu484\/2025\/02\/Captura-3-768x767.jpg 768w\" sizes=\"auto, (max-width: 817px) 100vw, 817px\" \/><\/p>\n<p style=\"text-align: center;\"><img loading=\"lazy\" decoding=\"async\" class=\"aligncenter size-full wp-image-5889\" src=\"https:\/\/agora.xtec.cat\/instarragona\/wp-content\/uploads\/usu484\/2025\/02\/Captura-4.jpg\" alt=\"\" width=\"523\" height=\"371\" srcset=\"https:\/\/agora.xtec.cat\/instarragona\/wp-content\/uploads\/usu484\/2025\/02\/Captura-4.jpg 523w, https:\/\/agora.xtec.cat\/instarragona\/wp-content\/uploads\/usu484\/2025\/02\/Captura-4-300x213.jpg 300w\" sizes=\"auto, (max-width: 523px) 100vw, 523px\" \/><\/p>\n<p>Altres <strong><a href=\"https:\/\/drive.google.com\/drive\/folders\/11Eh2p4drN-TlWWTGTW0FwpB6sLSFKTZn?usp=sharing\" target=\"_blank\" rel=\"noopener\">imatges<\/a><\/strong> de l&#8217;activitat.<\/p>\n<p>&nbsp;<\/p>\n","protected":false},"excerpt":{"rendered":"<p>Al projecte de 3r d&#8217;ESO dels \u00e0mbits social i art\u00edstic hem tractat el tema del paper de les dones, els alumnes han entrevistat a dones grans del seu \u00e0mbit familiar o pr\u00f2xim i tamb\u00e9 han rebut la visita de la Teresa i la Lourdes, dues&hellip;  <a href=\"https:\/\/agora.xtec.cat\/instarragona\/eso\/eso-3\/el-paper-de-les-dones\/\" title=\"Read El paper de les dones\">Llegeix m\u00e9s\u00bb<\/a><\/p>\n","protected":false},"author":1,"featured_media":5887,"comment_status":"open","ping_status":"closed","sticky":false,"template":"","format":"standard","meta":{"_bbp_topic_count":0,"_bbp_reply_count":0,"_bbp_total_topic_count":0,"_bbp_total_reply_count":0,"_bbp_voice_count":0,"_bbp_anonymous_reply_count":0,"_bbp_topic_count_hidden":0,"_bbp_reply_count_hidden":0,"_bbp_forum_subforum_count":0,"footnotes":""},"categories":[6,29],"tags":[99,120,39,117],"class_list":["post-5885","post","type-post","status-publish","format-standard","has-post-thumbnail","hentry","category-eso-3","category-portada","tag-projectes","tag-socials","tag-sortides","tag-visual-i-plastica"],"post_mailing_queue_ids":[],"_links":{"self":[{"href":"https:\/\/agora.xtec.cat\/instarragona\/wp-json\/wp\/v2\/posts\/5885","targetHints":{"allow":["GET"]}}],"collection":[{"href":"https:\/\/agora.xtec.cat\/instarragona\/wp-json\/wp\/v2\/posts"}],"about":[{"href":"https:\/\/agora.xtec.cat\/instarragona\/wp-json\/wp\/v2\/types\/post"}],"author":[{"embeddable":true,"href":"https:\/\/agora.xtec.cat\/instarragona\/wp-json\/wp\/v2\/users\/1"}],"replies":[{"embeddable":true,"href":"https:\/\/agora.xtec.cat\/instarragona\/wp-json\/wp\/v2\/comments?post=5885"}],"version-history":[{"count":1,"href":"https:\/\/agora.xtec.cat\/instarragona\/wp-json\/wp\/v2\/posts\/5885\/revisions"}],"predecessor-version":[{"id":5890,"href":"https:\/\/agora.xtec.cat\/instarragona\/wp-json\/wp\/v2\/posts\/5885\/revisions\/5890"}],"wp:featuredmedia":[{"embeddable":true,"href":"https:\/\/agora.xtec.cat\/instarragona\/wp-json\/wp\/v2\/media\/5887"}],"wp:attachment":[{"href":"https:\/\/agora.xtec.cat\/instarragona\/wp-json\/wp\/v2\/media?parent=5885"}],"wp:term":[{"taxonomy":"category","embeddable":true,"href":"https:\/\/agora.xtec.cat\/instarragona\/wp-json\/wp\/v2\/categories?post=5885"},{"taxonomy":"post_tag","embeddable":true,"href":"https:\/\/agora.xtec.cat\/instarragona\/wp-json\/wp\/v2\/tags?post=5885"}],"curies":[{"name":"wp","href":"https:\/\/api.w.org\/{rel}","templated":true}]}}