{"id":5882,"date":"2025-02-14T08:22:39","date_gmt":"2025-02-14T07:22:39","guid":{"rendered":"https:\/\/agora.xtec.cat\/instarragona\/?p=5882"},"modified":"2025-02-14T08:48:36","modified_gmt":"2025-02-14T07:48:36","slug":"treballant-per-la-igualtat-en-el-mon-tecnologic","status":"publish","type":"post","link":"https:\/\/agora.xtec.cat\/instarragona\/eso\/treballant-per-la-igualtat-en-el-mon-tecnologic\/","title":{"rendered":"Treballant per la igualtat en el m\u00f3n tecnol\u00f2gic"},"content":{"rendered":"<p>En motiu del<strong><a href=\"https:\/\/www.un.org\/es\/observances\/women-and-girls-in-science-day\" target=\"_blank\" rel=\"noopener\"> Dia Internacional de la Dona i la Nena en la Ci\u00e8ncia 2025<\/a><\/strong>, hem rebut al centre la Susana Romero, mentora de l\u201911F, enginyera i experta en riscos laborals, amb un extens curr\u00edculum i una gran hist\u00f2ria personal de superaci\u00f3 davant les adversitats. Ens ha ofert la xerrada &#8220;Hackejant el futur: Tecnologia, diversitat i el poder del canvi&#8221;, on ha destacat com la tecnologia \u00e9s cada cop m\u00e9s transversal i que no es tracta nom\u00e9s de \u201cpintar\u201d els productes de rosa, sin\u00f3 d\u2019adaptar-los realment a les necessitats de les persones. Ens ha mostrat exemples concrets d\u2019adaptacions que han trigat d\u00e8cades a arribar, com els vestits espacials per a dones astronautes, les armilles antibales de la policia o les proves d\u2019impacte en autom\u00f2bils, inicialment dissenyades nom\u00e9s per a cossos masculins. Tamb\u00e9 ha parlat de la bretxa digital de g\u00e8nere i dels biaixos en els productes de consum i els cercadors web. A m\u00e9s, ha compartit dades sobre la necessitat de professionals en l\u2019\u00e0mbit STEAM a Tarragona i ens ha animat a considerar aquestes disciplines com a opcions de futur.<\/p>\n<p><img loading=\"lazy\" decoding=\"async\" class=\"aligncenter size-full wp-image-5883\" src=\"https:\/\/agora.xtec.cat\/instarragona\/wp-content\/uploads\/usu484\/2025\/02\/Captura.jpg\" alt=\"\" width=\"1004\" height=\"605\" srcset=\"https:\/\/agora.xtec.cat\/instarragona\/wp-content\/uploads\/usu484\/2025\/02\/Captura.jpg 1004w, https:\/\/agora.xtec.cat\/instarragona\/wp-content\/uploads\/usu484\/2025\/02\/Captura-300x181.jpg 300w, https:\/\/agora.xtec.cat\/instarragona\/wp-content\/uploads\/usu484\/2025\/02\/Captura-768x463.jpg 768w\" sizes=\"auto, (max-width: 1004px) 100vw, 1004px\" \/><\/p>\n<p>Altres <strong><a href=\"https:\/\/drive.google.com\/drive\/folders\/1uGqJw8gOGsajFMCTBJrh0ttwA8NbqhoK?usp=drive_link\" target=\"_blank\" rel=\"noopener\">imatges<\/a><\/strong>.<\/p>\n<div><\/div>\n","protected":false},"excerpt":{"rendered":"<p>En motiu del<a href=\"https:\/\/www.un.org\/es\/observances\/women-and-girls-in-science-day\" target=\"_blank\" rel=\"noopener\"> Dia Internacional de la Dona i la Nena en la Ci\u00e8ncia 2025<\/a>, hem rebut al centre la Susana Romero, mentora de l\u201911F, enginyera i experta en riscos laborals, amb un extens curr\u00edculum i una gran hist\u00f2ria personal de superaci\u00f3&hellip;  <a href=\"https:\/\/agora.xtec.cat\/instarragona\/eso\/treballant-per-la-igualtat-en-el-mon-tecnologic\/\" title=\"Read Treballant per la igualtat en el m\u00f3n tecnol\u00f2gic\">Llegeix m\u00e9s\u00bb<\/a><\/p>\n","protected":false},"author":1,"featured_media":5883,"comment_status":"open","ping_status":"closed","sticky":false,"template":"","format":"standard","meta":{"_bbp_topic_count":0,"_bbp_reply_count":0,"_bbp_total_topic_count":0,"_bbp_total_reply_count":0,"_bbp_voice_count":0,"_bbp_anonymous_reply_count":0,"_bbp_topic_count_hidden":0,"_bbp_reply_count_hidden":0,"_bbp_forum_subforum_count":0,"footnotes":""},"categories":[3,7,29],"tags":[110,44],"class_list":["post-5882","post","type-post","status-publish","format-standard","has-post-thumbnail","hentry","category-eso","category-eso-4","category-portada","tag-tecnologia","tag-xerrades"],"post_mailing_queue_ids":[],"_links":{"self":[{"href":"https:\/\/agora.xtec.cat\/instarragona\/wp-json\/wp\/v2\/posts\/5882","targetHints":{"allow":["GET"]}}],"collection":[{"href":"https:\/\/agora.xtec.cat\/instarragona\/wp-json\/wp\/v2\/posts"}],"about":[{"href":"https:\/\/agora.xtec.cat\/instarragona\/wp-json\/wp\/v2\/types\/post"}],"author":[{"embeddable":true,"href":"https:\/\/agora.xtec.cat\/instarragona\/wp-json\/wp\/v2\/users\/1"}],"replies":[{"embeddable":true,"href":"https:\/\/agora.xtec.cat\/instarragona\/wp-json\/wp\/v2\/comments?post=5882"}],"version-history":[{"count":2,"href":"https:\/\/agora.xtec.cat\/instarragona\/wp-json\/wp\/v2\/posts\/5882\/revisions"}],"predecessor-version":[{"id":5895,"href":"https:\/\/agora.xtec.cat\/instarragona\/wp-json\/wp\/v2\/posts\/5882\/revisions\/5895"}],"wp:featuredmedia":[{"embeddable":true,"href":"https:\/\/agora.xtec.cat\/instarragona\/wp-json\/wp\/v2\/media\/5883"}],"wp:attachment":[{"href":"https:\/\/agora.xtec.cat\/instarragona\/wp-json\/wp\/v2\/media?parent=5882"}],"wp:term":[{"taxonomy":"category","embeddable":true,"href":"https:\/\/agora.xtec.cat\/instarragona\/wp-json\/wp\/v2\/categories?post=5882"},{"taxonomy":"post_tag","embeddable":true,"href":"https:\/\/agora.xtec.cat\/instarragona\/wp-json\/wp\/v2\/tags?post=5882"}],"curies":[{"name":"wp","href":"https:\/\/api.w.org\/{rel}","templated":true}]}}