{"id":5878,"date":"2025-02-12T12:58:11","date_gmt":"2025-02-12T11:58:11","guid":{"rendered":"https:\/\/agora.xtec.cat\/instarragona\/?p=5878"},"modified":"2025-02-12T12:59:50","modified_gmt":"2025-02-12T11:59:50","slug":"11-de-febrer-dia-de-la-internet-segura","status":"publish","type":"post","link":"https:\/\/agora.xtec.cat\/instarragona\/eso\/11-de-febrer-dia-de-la-internet-segura\/","title":{"rendered":"11 de febrer, dia de la Internet segura"},"content":{"rendered":"<p>A Catalunya se celebra anualment el Dia de la Internet Segura impulsant accions i activitats de conscienciaci\u00f3 sobre la seguretat a Internet. L&#8217;objectiu \u00e9s crear un m\u00f3n digital m\u00e9s segur, responsable i cr\u00edtic per a tota la ciutadania, i especialment per als infants i adolescents.<\/p>\n<p>Comencem les activitats a l&#8217;ESO!<\/p>\n<p><img loading=\"lazy\" decoding=\"async\" class=\"aligncenter wp-image-5879 size-full\" src=\"https:\/\/agora.xtec.cat\/instarragona\/wp-content\/uploads\/usu484\/2025\/02\/baixa.jpg\" alt=\"\" width=\"310\" height=\"163\" srcset=\"https:\/\/agora.xtec.cat\/instarragona\/wp-content\/uploads\/usu484\/2025\/02\/baixa.jpg 310w, https:\/\/agora.xtec.cat\/instarragona\/wp-content\/uploads\/usu484\/2025\/02\/baixa-300x158.jpg 300w\" sizes=\"auto, (max-width: 310px) 100vw, 310px\" \/><\/p>\n","protected":false},"excerpt":{"rendered":"<p>A Catalunya se celebra anualment el Dia de la Internet Segura impulsant accions i activitats de conscienciaci\u00f3 sobre la seguretat a Internet. L&#8217;objectiu \u00e9s crear un m\u00f3n digital m\u00e9s segur, responsable i cr\u00edtic per a tota la ciutadania, i especialment per als infants i adolescents.<br \/>\nComencem&hellip;  <a href=\"https:\/\/agora.xtec.cat\/instarragona\/eso\/11-de-febrer-dia-de-la-internet-segura\/\" title=\"Read 11 de febrer, dia de la Internet segura\">Llegeix m\u00e9s\u00bb<\/a><\/p>\n","protected":false},"author":1,"featured_media":0,"comment_status":"open","ping_status":"closed","sticky":false,"template":"","format":"standard","meta":{"_bbp_topic_count":0,"_bbp_reply_count":0,"_bbp_total_topic_count":0,"_bbp_total_reply_count":0,"_bbp_voice_count":0,"_bbp_anonymous_reply_count":0,"_bbp_topic_count_hidden":0,"_bbp_reply_count_hidden":0,"_bbp_forum_subforum_count":0,"footnotes":""},"categories":[3,29],"tags":[97,110],"class_list":["post-5878","post","type-post","status-publish","format-standard","hentry","category-eso","category-portada","tag-festes-i-activitats","tag-tecnologia"],"post_mailing_queue_ids":[],"_links":{"self":[{"href":"https:\/\/agora.xtec.cat\/instarragona\/wp-json\/wp\/v2\/posts\/5878","targetHints":{"allow":["GET"]}}],"collection":[{"href":"https:\/\/agora.xtec.cat\/instarragona\/wp-json\/wp\/v2\/posts"}],"about":[{"href":"https:\/\/agora.xtec.cat\/instarragona\/wp-json\/wp\/v2\/types\/post"}],"author":[{"embeddable":true,"href":"https:\/\/agora.xtec.cat\/instarragona\/wp-json\/wp\/v2\/users\/1"}],"replies":[{"embeddable":true,"href":"https:\/\/agora.xtec.cat\/instarragona\/wp-json\/wp\/v2\/comments?post=5878"}],"version-history":[{"count":2,"href":"https:\/\/agora.xtec.cat\/instarragona\/wp-json\/wp\/v2\/posts\/5878\/revisions"}],"predecessor-version":[{"id":5881,"href":"https:\/\/agora.xtec.cat\/instarragona\/wp-json\/wp\/v2\/posts\/5878\/revisions\/5881"}],"wp:attachment":[{"href":"https:\/\/agora.xtec.cat\/instarragona\/wp-json\/wp\/v2\/media?parent=5878"}],"wp:term":[{"taxonomy":"category","embeddable":true,"href":"https:\/\/agora.xtec.cat\/instarragona\/wp-json\/wp\/v2\/categories?post=5878"},{"taxonomy":"post_tag","embeddable":true,"href":"https:\/\/agora.xtec.cat\/instarragona\/wp-json\/wp\/v2\/tags?post=5878"}],"curies":[{"name":"wp","href":"https:\/\/api.w.org\/{rel}","templated":true}]}}