{"id":5874,"date":"2025-02-12T12:30:36","date_gmt":"2025-02-12T11:30:36","guid":{"rendered":"https:\/\/agora.xtec.cat\/instarragona\/?p=5874"},"modified":"2025-02-12T12:30:55","modified_gmt":"2025-02-12T11:30:55","slug":"esport-adaptat-i-un-campio-a-felicitar","status":"publish","type":"post","link":"https:\/\/agora.xtec.cat\/instarragona\/eso\/esport-adaptat-i-un-campio-a-felicitar\/","title":{"rendered":"Esport adaptat i un campi\u00f3 a felicitar"},"content":{"rendered":"<p id=\"tw-target-text\" class=\"tw-data-text tw-text-large tw-ta\" dir=\"ltr\" data-placeholder=\"Traducci\u00f3\" data-ved=\"2ahUKEwju-N_sgr6LAxXhZ0EAHXH2COMQ3ewLegQICRAV\" aria-label=\"Text tradu\u00eft: \u00c9s per informar-te que Gerard ha tornat a guanyar aquest any per segon any consecutiu la medalla d'or amb la federaci\u00f3 catalana a la competici\u00f3 nacional de b\u00e0squet 3x3 en cadira de rodes en edat escolar que s'ha celebrat els dies 8 i 9 d'aquest mes ( ahir i avui) a Vilobi d' Ontario (Girona)\"><span class=\"Y2IQFc\" lang=\"ca\">Estem molt orgullosos de poder anunciar que el nostre alumne, en Gerard, ha guanyat, i per segon any consecutiu, la medalla d&#8217;or de la Federaci\u00f3 Catalana a la competici\u00f3 nacional de b\u00e0squet 3&#215;3 en cadira de rodes en edat escolar que s&#8217;ha celebrat els dies 8 i 9 d&#8217;aquest mes a Vilob\u00ed d&#8217;Onyar (Girona).<\/span><\/p>\n<p dir=\"ltr\" data-placeholder=\"Traducci\u00f3\" data-ved=\"2ahUKEwju-N_sgr6LAxXhZ0EAHXH2COMQ3ewLegQICRAV\" aria-label=\"Text tradu\u00eft: \u00c9s per informar-te que Gerard ha tornat a guanyar aquest any per segon any consecutiu la medalla d'or amb la federaci\u00f3 catalana a la competici\u00f3 nacional de b\u00e0squet 3x3 en cadira de rodes en edat escolar que s'ha celebrat els dies 8 i 9 d'aquest mes ( ahir i avui) a Vilobi d' Ontario (Girona)\"><img loading=\"lazy\" decoding=\"async\" class=\"aligncenter wp-image-5875\" src=\"https:\/\/agora.xtec.cat\/instarragona\/wp-content\/uploads\/usu484\/2025\/02\/unnamed-scaled.jpg\" alt=\"\" width=\"190\" height=\"253\" srcset=\"https:\/\/agora.xtec.cat\/instarragona\/wp-content\/uploads\/usu484\/2025\/02\/unnamed-scaled.jpg 1920w, https:\/\/agora.xtec.cat\/instarragona\/wp-content\/uploads\/usu484\/2025\/02\/unnamed-225x300.jpg 225w, https:\/\/agora.xtec.cat\/instarragona\/wp-content\/uploads\/usu484\/2025\/02\/unnamed-768x1024.jpg 768w, https:\/\/agora.xtec.cat\/instarragona\/wp-content\/uploads\/usu484\/2025\/02\/unnamed-1152x1536.jpg 1152w, https:\/\/agora.xtec.cat\/instarragona\/wp-content\/uploads\/usu484\/2025\/02\/unnamed-1536x2048.jpg 1536w\" sizes=\"auto, (max-width: 190px) 100vw, 190px\" \/><\/p>\n","protected":false},"excerpt":{"rendered":"<p>Estem molt orgullosos de poder anunciar que el nostre alumne, en Gerard, ha guanyat, i per segon any consecutiu, la medalla d&#8217;or de la Federaci\u00f3 Catalana a la competici\u00f3 nacional de b\u00e0squet 3&#215;3 en cadira de rodes en edat escolar que s&#8217;ha celebrat els dies&hellip;  <a href=\"https:\/\/agora.xtec.cat\/instarragona\/eso\/esport-adaptat-i-un-campio-a-felicitar\/\" title=\"Read Esport adaptat i un campi\u00f3 a felicitar\">Llegeix m\u00e9s\u00bb<\/a><\/p>\n","protected":false},"author":1,"featured_media":0,"comment_status":"open","ping_status":"closed","sticky":false,"template":"","format":"standard","meta":{"_bbp_topic_count":0,"_bbp_reply_count":0,"_bbp_total_topic_count":0,"_bbp_total_reply_count":0,"_bbp_voice_count":0,"_bbp_anonymous_reply_count":0,"_bbp_topic_count_hidden":0,"_bbp_reply_count_hidden":0,"_bbp_forum_subforum_count":0,"footnotes":""},"categories":[3,29],"tags":[138],"class_list":["post-5874","post","type-post","status-publish","format-standard","hentry","category-eso","category-portada","tag-ef"],"post_mailing_queue_ids":[],"_links":{"self":[{"href":"https:\/\/agora.xtec.cat\/instarragona\/wp-json\/wp\/v2\/posts\/5874","targetHints":{"allow":["GET"]}}],"collection":[{"href":"https:\/\/agora.xtec.cat\/instarragona\/wp-json\/wp\/v2\/posts"}],"about":[{"href":"https:\/\/agora.xtec.cat\/instarragona\/wp-json\/wp\/v2\/types\/post"}],"author":[{"embeddable":true,"href":"https:\/\/agora.xtec.cat\/instarragona\/wp-json\/wp\/v2\/users\/1"}],"replies":[{"embeddable":true,"href":"https:\/\/agora.xtec.cat\/instarragona\/wp-json\/wp\/v2\/comments?post=5874"}],"version-history":[{"count":2,"href":"https:\/\/agora.xtec.cat\/instarragona\/wp-json\/wp\/v2\/posts\/5874\/revisions"}],"predecessor-version":[{"id":5877,"href":"https:\/\/agora.xtec.cat\/instarragona\/wp-json\/wp\/v2\/posts\/5874\/revisions\/5877"}],"wp:attachment":[{"href":"https:\/\/agora.xtec.cat\/instarragona\/wp-json\/wp\/v2\/media?parent=5874"}],"wp:term":[{"taxonomy":"category","embeddable":true,"href":"https:\/\/agora.xtec.cat\/instarragona\/wp-json\/wp\/v2\/categories?post=5874"},{"taxonomy":"post_tag","embeddable":true,"href":"https:\/\/agora.xtec.cat\/instarragona\/wp-json\/wp\/v2\/tags?post=5874"}],"curies":[{"name":"wp","href":"https:\/\/api.w.org\/{rel}","templated":true}]}}