{"id":5823,"date":"2025-02-03T09:09:24","date_gmt":"2025-02-03T08:09:24","guid":{"rendered":"https:\/\/agora.xtec.cat\/instarragona\/?p=5823"},"modified":"2025-02-03T09:09:59","modified_gmt":"2025-02-03T08:09:59","slug":"com-sona-leso-i-la-marato","status":"publish","type":"post","link":"https:\/\/agora.xtec.cat\/instarragona\/portada\/com-sona-leso-i-la-marato\/","title":{"rendered":"Com sona l&#8217;ESO i la Marat\u00f3"},"content":{"rendered":"<p>Us fem saber que els alumnes participants a la Trobada del Com Sona l&#8217;ESO 2024 van col.laborar amb la Marat\u00f3 i van enregistrar un fragment de la can\u00e7\u00f3 Tornarem de Lax\u2019n\u2019Buxto junt amb Chenoa, Suu i Blanca Paloma. Ja ho podeu escoltar!<\/p>\n<p style=\"text-align: center;\"><iframe loading=\"lazy\" title=\"YouTube video player\" src=\"https:\/\/www.youtube.com\/embed\/Tq9Tg7XOp8c?si=IHXmanysLeIDYhjT\" width=\"560\" height=\"315\" frameborder=\"0\" allowfullscreen=\"allowfullscreen\"><\/iframe><\/p>\n<p>&nbsp;<\/p>\n","protected":false},"excerpt":{"rendered":"<p>Us fem saber que els alumnes participants a la Trobada del Com Sona l&#8217;ESO 2024 van col.laborar amb la Marat\u00f3 i van enregistrar un fragment de la can\u00e7\u00f3 Tornarem de Lax\u2019n\u2019Buxto junt amb Chenoa, Suu i Blanca Paloma. Ja ho podeu escoltar!<\/p>\n<p>&nbsp;<\/p>\n","protected":false},"author":1,"featured_media":0,"comment_status":"open","ping_status":"closed","sticky":false,"template":"","format":"standard","meta":{"_bbp_topic_count":0,"_bbp_reply_count":0,"_bbp_total_topic_count":0,"_bbp_total_reply_count":0,"_bbp_voice_count":0,"_bbp_anonymous_reply_count":0,"_bbp_topic_count_hidden":0,"_bbp_reply_count_hidden":0,"_bbp_forum_subforum_count":0,"footnotes":""},"categories":[29],"tags":[111],"class_list":["post-5823","post","type-post","status-publish","format-standard","hentry","category-portada","tag-musica"],"post_mailing_queue_ids":[],"_links":{"self":[{"href":"https:\/\/agora.xtec.cat\/instarragona\/wp-json\/wp\/v2\/posts\/5823","targetHints":{"allow":["GET"]}}],"collection":[{"href":"https:\/\/agora.xtec.cat\/instarragona\/wp-json\/wp\/v2\/posts"}],"about":[{"href":"https:\/\/agora.xtec.cat\/instarragona\/wp-json\/wp\/v2\/types\/post"}],"author":[{"embeddable":true,"href":"https:\/\/agora.xtec.cat\/instarragona\/wp-json\/wp\/v2\/users\/1"}],"replies":[{"embeddable":true,"href":"https:\/\/agora.xtec.cat\/instarragona\/wp-json\/wp\/v2\/comments?post=5823"}],"version-history":[{"count":1,"href":"https:\/\/agora.xtec.cat\/instarragona\/wp-json\/wp\/v2\/posts\/5823\/revisions"}],"predecessor-version":[{"id":5824,"href":"https:\/\/agora.xtec.cat\/instarragona\/wp-json\/wp\/v2\/posts\/5823\/revisions\/5824"}],"wp:attachment":[{"href":"https:\/\/agora.xtec.cat\/instarragona\/wp-json\/wp\/v2\/media?parent=5823"}],"wp:term":[{"taxonomy":"category","embeddable":true,"href":"https:\/\/agora.xtec.cat\/instarragona\/wp-json\/wp\/v2\/categories?post=5823"},{"taxonomy":"post_tag","embeddable":true,"href":"https:\/\/agora.xtec.cat\/instarragona\/wp-json\/wp\/v2\/tags?post=5823"}],"curies":[{"name":"wp","href":"https:\/\/api.w.org\/{rel}","templated":true}]}}