{"id":5750,"date":"2025-01-29T10:19:49","date_gmt":"2025-01-29T09:19:49","guid":{"rendered":"https:\/\/agora.xtec.cat\/instarragona\/?p=5750"},"modified":"2025-01-29T10:20:11","modified_gmt":"2025-01-29T09:20:11","slug":"la-revolucio-de-la-ia","status":"publish","type":"post","link":"https:\/\/agora.xtec.cat\/instarragona\/batxillerat\/la-revolucio-de-la-ia\/","title":{"rendered":"La revoluci\u00f3 de la IA"},"content":{"rendered":"<p>A 2n del Batxillerat tecnol\u00f2gic hem tingut l&#8217;oportunitat d&#8217;assistir a la xerrada de la URV relacionada amb el fascinant m\u00f3n de la intel\u00b7lig\u00e8ncia artificial (IA), &#8220;La revoluci\u00f3 de la IA: explorant el futur avui&#8221; i el seu incre\u00efble impacte en la nostra vida present i futura. Qu\u00e8 hi ha al darrera de la creaci\u00f3 de la IA?. Com es recullen i preparen les dades. Com s&#8217;entrenen i despleguen de manera segura aquests sistemes aut\u00f2noms? La veritat \u00e9s que \u00e9s un camp que sembla no tenir fi. Les aplicacions s\u00f3n m\u00faltiples en l&#8217;estudi de materials, la medicina, l&#8217;automatitzaci\u00f3 de tasques a la ind\u00fastria, el transport, etc. La constant dicotomia entre \u00e8tica i aven\u00e7os tecnol\u00f2gics, o en definitiva entre m\u00e0quina i home, sens presenta com un gran repte pel conjunt de la humanitat. El futur \u00e9s aqu\u00ed mateix!<\/p>\n<p><img loading=\"lazy\" decoding=\"async\" class=\"aligncenter size-full wp-image-5753\" src=\"https:\/\/agora.xtec.cat\/instarragona\/wp-content\/uploads\/usu484\/2025\/01\/2-1.png\" alt=\"\" width=\"1015\" height=\"729\" srcset=\"https:\/\/agora.xtec.cat\/instarragona\/wp-content\/uploads\/usu484\/2025\/01\/2-1.png 1015w, https:\/\/agora.xtec.cat\/instarragona\/wp-content\/uploads\/usu484\/2025\/01\/2-1-300x215.png 300w, https:\/\/agora.xtec.cat\/instarragona\/wp-content\/uploads\/usu484\/2025\/01\/2-1-768x552.png 768w\" sizes=\"auto, (max-width: 1015px) 100vw, 1015px\" \/><\/p>\n<p>&nbsp;<\/p>\n","protected":false},"excerpt":{"rendered":"<p>A 2n del Batxillerat tecnol\u00f2gic hem tingut l&#8217;oportunitat d&#8217;assistir a la xerrada de la URV relacionada amb el fascinant m\u00f3n de la intel\u00b7lig\u00e8ncia artificial (IA), &#8220;La revoluci\u00f3 de la IA: explorant el futur avui&#8221; i el seu incre\u00efble impacte en la nostra vida present i&hellip;  <a href=\"https:\/\/agora.xtec.cat\/instarragona\/batxillerat\/la-revolucio-de-la-ia\/\" title=\"Read La revoluci\u00f3 de la IA\">Llegeix m\u00e9s\u00bb<\/a><\/p>\n","protected":false},"author":1,"featured_media":5753,"comment_status":"open","ping_status":"closed","sticky":false,"template":"","format":"standard","meta":{"_bbp_topic_count":0,"_bbp_reply_count":0,"_bbp_total_topic_count":0,"_bbp_total_reply_count":0,"_bbp_voice_count":0,"_bbp_anonymous_reply_count":0,"_bbp_topic_count_hidden":0,"_bbp_reply_count_hidden":0,"_bbp_forum_subforum_count":0,"footnotes":""},"categories":[8,29],"tags":[110,44],"class_list":["post-5750","post","type-post","status-publish","format-standard","has-post-thumbnail","hentry","category-batxillerat","category-portada","tag-tecnologia","tag-xerrades"],"post_mailing_queue_ids":[],"_links":{"self":[{"href":"https:\/\/agora.xtec.cat\/instarragona\/wp-json\/wp\/v2\/posts\/5750","targetHints":{"allow":["GET"]}}],"collection":[{"href":"https:\/\/agora.xtec.cat\/instarragona\/wp-json\/wp\/v2\/posts"}],"about":[{"href":"https:\/\/agora.xtec.cat\/instarragona\/wp-json\/wp\/v2\/types\/post"}],"author":[{"embeddable":true,"href":"https:\/\/agora.xtec.cat\/instarragona\/wp-json\/wp\/v2\/users\/1"}],"replies":[{"embeddable":true,"href":"https:\/\/agora.xtec.cat\/instarragona\/wp-json\/wp\/v2\/comments?post=5750"}],"version-history":[{"count":2,"href":"https:\/\/agora.xtec.cat\/instarragona\/wp-json\/wp\/v2\/posts\/5750\/revisions"}],"predecessor-version":[{"id":5754,"href":"https:\/\/agora.xtec.cat\/instarragona\/wp-json\/wp\/v2\/posts\/5750\/revisions\/5754"}],"wp:featuredmedia":[{"embeddable":true,"href":"https:\/\/agora.xtec.cat\/instarragona\/wp-json\/wp\/v2\/media\/5753"}],"wp:attachment":[{"href":"https:\/\/agora.xtec.cat\/instarragona\/wp-json\/wp\/v2\/media?parent=5750"}],"wp:term":[{"taxonomy":"category","embeddable":true,"href":"https:\/\/agora.xtec.cat\/instarragona\/wp-json\/wp\/v2\/categories?post=5750"},{"taxonomy":"post_tag","embeddable":true,"href":"https:\/\/agora.xtec.cat\/instarragona\/wp-json\/wp\/v2\/tags?post=5750"}],"curies":[{"name":"wp","href":"https:\/\/api.w.org\/{rel}","templated":true}]}}