{"id":5741,"date":"2025-01-29T08:44:29","date_gmt":"2025-01-29T07:44:29","guid":{"rendered":"https:\/\/agora.xtec.cat\/instarragona\/?p=5741"},"modified":"2025-01-30T19:25:16","modified_gmt":"2025-01-30T18:25:16","slug":"participacio-a-erasmus-de-llarga-durada","status":"publish","type":"post","link":"https:\/\/agora.xtec.cat\/instarragona\/batxillerat\/participacio-a-erasmus-de-llarga-durada\/","title":{"rendered":"Participaci\u00f3 a l&#8217;Erasmus+ de llarga durada"},"content":{"rendered":"<p>Benvolguts alumnes, moltes gr\u00e0cies per participar en el projecte Erasmus+ de llarga durada a Alemanya i Fran\u00e7a. Sabem que l&#8217;heu sabut aprofitar, l&#8217;heu gaudit, heu apr\u00e8s i aix\u00f2 ens fa felices de cor. Aqu\u00ed teniu els vostres certificats i moltes felicitats.<\/p>\n<p><img loading=\"lazy\" decoding=\"async\" class=\"aligncenter size-full wp-image-5742\" src=\"https:\/\/agora.xtec.cat\/instarragona\/wp-content\/uploads\/usu484\/2025\/01\/Captura-2.png\" alt=\"\" width=\"1333\" height=\"825\" srcset=\"https:\/\/agora.xtec.cat\/instarragona\/wp-content\/uploads\/usu484\/2025\/01\/Captura-2.png 1333w, https:\/\/agora.xtec.cat\/instarragona\/wp-content\/uploads\/usu484\/2025\/01\/Captura-2-300x186.png 300w, https:\/\/agora.xtec.cat\/instarragona\/wp-content\/uploads\/usu484\/2025\/01\/Captura-2-1024x634.png 1024w, https:\/\/agora.xtec.cat\/instarragona\/wp-content\/uploads\/usu484\/2025\/01\/Captura-2-768x475.png 768w\" sizes=\"auto, (max-width: 1333px) 100vw, 1333px\" \/><\/p>\n","protected":false},"excerpt":{"rendered":"<p>Benvolguts alumnes, moltes gr\u00e0cies per participar en el projecte Erasmus+ de llarga durada a Alemanya i Fran\u00e7a. Sabem que l&#8217;heu sabut aprofitar, l&#8217;heu gaudit, heu apr\u00e8s i aix\u00f2 ens fa felices de cor. Aqu\u00ed teniu els vostres certificats i moltes felicitats.<\/p>\n","protected":false},"author":1,"featured_media":0,"comment_status":"open","ping_status":"closed","sticky":false,"template":"","format":"standard","meta":{"_bbp_topic_count":0,"_bbp_reply_count":0,"_bbp_total_topic_count":0,"_bbp_total_reply_count":0,"_bbp_voice_count":0,"_bbp_anonymous_reply_count":0,"_bbp_topic_count_hidden":0,"_bbp_reply_count_hidden":0,"_bbp_forum_subforum_count":0,"footnotes":""},"categories":[8,29,100],"tags":[145,147,101],"class_list":["post-5741","post","type-post","status-publish","format-standard","hentry","category-batxillerat","category-portada","category-projectes","tag-erasmus-acretitation","tag-erasmus-llarga-durada","tag-erasmus"],"post_mailing_queue_ids":[],"_links":{"self":[{"href":"https:\/\/agora.xtec.cat\/instarragona\/wp-json\/wp\/v2\/posts\/5741","targetHints":{"allow":["GET"]}}],"collection":[{"href":"https:\/\/agora.xtec.cat\/instarragona\/wp-json\/wp\/v2\/posts"}],"about":[{"href":"https:\/\/agora.xtec.cat\/instarragona\/wp-json\/wp\/v2\/types\/post"}],"author":[{"embeddable":true,"href":"https:\/\/agora.xtec.cat\/instarragona\/wp-json\/wp\/v2\/users\/1"}],"replies":[{"embeddable":true,"href":"https:\/\/agora.xtec.cat\/instarragona\/wp-json\/wp\/v2\/comments?post=5741"}],"version-history":[{"count":2,"href":"https:\/\/agora.xtec.cat\/instarragona\/wp-json\/wp\/v2\/posts\/5741\/revisions"}],"predecessor-version":[{"id":5797,"href":"https:\/\/agora.xtec.cat\/instarragona\/wp-json\/wp\/v2\/posts\/5741\/revisions\/5797"}],"wp:attachment":[{"href":"https:\/\/agora.xtec.cat\/instarragona\/wp-json\/wp\/v2\/media?parent=5741"}],"wp:term":[{"taxonomy":"category","embeddable":true,"href":"https:\/\/agora.xtec.cat\/instarragona\/wp-json\/wp\/v2\/categories?post=5741"},{"taxonomy":"post_tag","embeddable":true,"href":"https:\/\/agora.xtec.cat\/instarragona\/wp-json\/wp\/v2\/tags?post=5741"}],"curies":[{"name":"wp","href":"https:\/\/api.w.org\/{rel}","templated":true}]}}