{"id":5700,"date":"2024-12-20T08:45:01","date_gmt":"2024-12-20T07:45:01","guid":{"rendered":"https:\/\/agora.xtec.cat\/instarragona\/?p=5700"},"modified":"2024-12-20T08:45:26","modified_gmt":"2024-12-20T07:45:26","slug":"descobrim-els-materials-bidimensionals","status":"publish","type":"post","link":"https:\/\/agora.xtec.cat\/instarragona\/eso\/eso-4\/descobrim-els-materials-bidimensionals\/","title":{"rendered":"Descobrim els materials bidimensionals"},"content":{"rendered":"<p>El passat dimecres, l\u2019alumnat de Tecnologia i Digitalitzaci\u00f3 de 4t d\u2019ESO va assistir a una xerrada molt interessant sobre materials bidimensionals, a c\u00e0rrec del Dr. Gonzalo Abell\u00e1n, un investigador expert en aquest camp.<\/p>\n<p>Durant la xerrada, va explicar qu\u00e8 s\u00f3n aquests materials tan especials, com el graf\u00e8 i altres innovacions com els pnict\u00f2gens 2D (P, As, Sb i Bi) o els hidr\u00f2xids laminars i tamb\u00e9 com poden ser \u00fatils en la creaci\u00f3 de bateries m\u00e9s potents o en catalitzadors per produir hidrogen verd, per tal d&#8217;entendre les possibilitats que aquests materials ofereixen per millorar el m\u00f3n.<\/p>\n<p>Per\u00f2 el que realment va inspirar els estudiants va ser escoltar la seva hist\u00f2ria personal. Ens va explicar com una conversa amb un professor seu, quan era estudiant, li va canviar la manera de veure la ci\u00e8ncia i el va portar a dedicar-s\u2019hi. M\u00e9s endavant, la serendipia (us sona aquesta paraula?) va fer que, gaireb\u00e9 per atzar, prengu\u00e9s decisions que el van portar a nous camins i reptes en la seva carrera. Una hist\u00f2ria que ens recorda com les petites coincid\u00e8ncies poden tenir grans impactes en la nostra vida.<\/p>\n<p>El Dr. Abell\u00e1n tamb\u00e9 va animar-nos a fer preguntes i reflexionar sobre com les nostres passions poden convertir-se en una carrera apassionant. Va ser una experi\u00e8ncia enriquidora, que va despertar l\u2019inter\u00e8s pel m\u00f3n de la investigaci\u00f3 i va fer-nos mirar el futur amb m\u00e9s curiositat.<\/p>\n<table style=\"border-collapse: collapse; width: 100%;\">\n<tbody>\n<tr>\n<td style=\"width: 50%; text-align: center;\"><img loading=\"lazy\" decoding=\"async\" class=\"aligncenter size-full wp-image-5702\" src=\"https:\/\/agora.xtec.cat\/instarragona\/wp-content\/uploads\/usu484\/2024\/12\/1-1.png\" alt=\"\" width=\"1002\" height=\"719\" srcset=\"https:\/\/agora.xtec.cat\/instarragona\/wp-content\/uploads\/usu484\/2024\/12\/1-1.png 1002w, https:\/\/agora.xtec.cat\/instarragona\/wp-content\/uploads\/usu484\/2024\/12\/1-1-300x215.png 300w, https:\/\/agora.xtec.cat\/instarragona\/wp-content\/uploads\/usu484\/2024\/12\/1-1-768x551.png 768w\" sizes=\"auto, (max-width: 1002px) 100vw, 1002px\" \/><\/td>\n<td style=\"width: 50%; text-align: center;\"><img loading=\"lazy\" decoding=\"async\" class=\"aligncenter size-full wp-image-5703\" src=\"https:\/\/agora.xtec.cat\/instarragona\/wp-content\/uploads\/usu484\/2024\/12\/2-4.png\" alt=\"\" width=\"1079\" height=\"735\" srcset=\"https:\/\/agora.xtec.cat\/instarragona\/wp-content\/uploads\/usu484\/2024\/12\/2-4.png 1079w, https:\/\/agora.xtec.cat\/instarragona\/wp-content\/uploads\/usu484\/2024\/12\/2-4-300x204.png 300w, https:\/\/agora.xtec.cat\/instarragona\/wp-content\/uploads\/usu484\/2024\/12\/2-4-1024x698.png 1024w, https:\/\/agora.xtec.cat\/instarragona\/wp-content\/uploads\/usu484\/2024\/12\/2-4-768x523.png 768w\" sizes=\"auto, (max-width: 1079px) 100vw, 1079px\" \/><\/td>\n<\/tr>\n<tr>\n<td style=\"width: 50%; text-align: center;\"><img loading=\"lazy\" decoding=\"async\" class=\"aligncenter size-full wp-image-5704\" src=\"https:\/\/agora.xtec.cat\/instarragona\/wp-content\/uploads\/usu484\/2024\/12\/3-1.png\" alt=\"\" width=\"837\" height=\"610\" srcset=\"https:\/\/agora.xtec.cat\/instarragona\/wp-content\/uploads\/usu484\/2024\/12\/3-1.png 837w, https:\/\/agora.xtec.cat\/instarragona\/wp-content\/uploads\/usu484\/2024\/12\/3-1-300x219.png 300w, https:\/\/agora.xtec.cat\/instarragona\/wp-content\/uploads\/usu484\/2024\/12\/3-1-768x560.png 768w\" sizes=\"auto, (max-width: 837px) 100vw, 837px\" \/><\/td>\n<td style=\"width: 50%; text-align: center;\"><img loading=\"lazy\" decoding=\"async\" class=\"aligncenter size-full wp-image-5702\" src=\"https:\/\/agora.xtec.cat\/instarragona\/wp-content\/uploads\/usu484\/2024\/12\/1-1.png\" alt=\"\" width=\"1002\" height=\"719\" srcset=\"https:\/\/agora.xtec.cat\/instarragona\/wp-content\/uploads\/usu484\/2024\/12\/1-1.png 1002w, https:\/\/agora.xtec.cat\/instarragona\/wp-content\/uploads\/usu484\/2024\/12\/1-1-300x215.png 300w, https:\/\/agora.xtec.cat\/instarragona\/wp-content\/uploads\/usu484\/2024\/12\/1-1-768x551.png 768w\" sizes=\"auto, (max-width: 1002px) 100vw, 1002px\" \/><\/td>\n<\/tr>\n<\/tbody>\n<\/table>\n","protected":false},"excerpt":{"rendered":"<p>El passat dimecres, l\u2019alumnat de Tecnologia i Digitalitzaci\u00f3 de 4t d\u2019ESO va assistir a una xerrada molt interessant sobre materials bidimensionals, a c\u00e0rrec del Dr. Gonzalo Abell\u00e1n, un investigador expert en aquest camp.<br \/>\nDurant la xerrada, va explicar qu\u00e8 s\u00f3n aquests materials tan especials, com el&hellip;  <a href=\"https:\/\/agora.xtec.cat\/instarragona\/eso\/eso-4\/descobrim-els-materials-bidimensionals\/\" title=\"Read Descobrim els materials bidimensionals\">Llegeix m\u00e9s\u00bb<\/a><\/p>\n","protected":false},"author":1,"featured_media":5703,"comment_status":"open","ping_status":"closed","sticky":false,"template":"","format":"standard","meta":{"_bbp_topic_count":0,"_bbp_reply_count":0,"_bbp_total_topic_count":0,"_bbp_total_reply_count":0,"_bbp_voice_count":0,"_bbp_anonymous_reply_count":0,"_bbp_topic_count_hidden":0,"_bbp_reply_count_hidden":0,"_bbp_forum_subforum_count":0,"footnotes":""},"categories":[7,29],"tags":[39,110],"class_list":["post-5700","post","type-post","status-publish","format-standard","has-post-thumbnail","hentry","category-eso-4","category-portada","tag-sortides","tag-tecnologia"],"post_mailing_queue_ids":[],"_links":{"self":[{"href":"https:\/\/agora.xtec.cat\/instarragona\/wp-json\/wp\/v2\/posts\/5700","targetHints":{"allow":["GET"]}}],"collection":[{"href":"https:\/\/agora.xtec.cat\/instarragona\/wp-json\/wp\/v2\/posts"}],"about":[{"href":"https:\/\/agora.xtec.cat\/instarragona\/wp-json\/wp\/v2\/types\/post"}],"author":[{"embeddable":true,"href":"https:\/\/agora.xtec.cat\/instarragona\/wp-json\/wp\/v2\/users\/1"}],"replies":[{"embeddable":true,"href":"https:\/\/agora.xtec.cat\/instarragona\/wp-json\/wp\/v2\/comments?post=5700"}],"version-history":[{"count":1,"href":"https:\/\/agora.xtec.cat\/instarragona\/wp-json\/wp\/v2\/posts\/5700\/revisions"}],"predecessor-version":[{"id":5705,"href":"https:\/\/agora.xtec.cat\/instarragona\/wp-json\/wp\/v2\/posts\/5700\/revisions\/5705"}],"wp:featuredmedia":[{"embeddable":true,"href":"https:\/\/agora.xtec.cat\/instarragona\/wp-json\/wp\/v2\/media\/5703"}],"wp:attachment":[{"href":"https:\/\/agora.xtec.cat\/instarragona\/wp-json\/wp\/v2\/media?parent=5700"}],"wp:term":[{"taxonomy":"category","embeddable":true,"href":"https:\/\/agora.xtec.cat\/instarragona\/wp-json\/wp\/v2\/categories?post=5700"},{"taxonomy":"post_tag","embeddable":true,"href":"https:\/\/agora.xtec.cat\/instarragona\/wp-json\/wp\/v2\/tags?post=5700"}],"curies":[{"name":"wp","href":"https:\/\/api.w.org\/{rel}","templated":true}]}}