{"id":5681,"date":"2024-12-19T11:55:26","date_gmt":"2024-12-19T10:55:26","guid":{"rendered":"https:\/\/agora.xtec.cat\/instarragona\/?p=5681"},"modified":"2024-12-19T11:55:26","modified_gmt":"2024-12-19T10:55:26","slug":"els-comics-dels-nostres-somnis-fan-historia","status":"publish","type":"post","link":"https:\/\/agora.xtec.cat\/instarragona\/eso\/eso-3\/els-comics-dels-nostres-somnis-fan-historia\/","title":{"rendered":"Els c\u00f2mics dels nostres somnis fan hist\u00f2ria"},"content":{"rendered":"<p>L\u2019alumnat de 3r d\u2019ESO ha pogut gaudir de la visita guiada de l\u2019exposici\u00f3 <a href=\"https:\/\/caixaforum.org\/ca\/barcelona\/p\/comic_a88014976\" target=\"_blank\" rel=\"noopener\"><strong>C\u00f2mics, somnis i hist\u00f2ria.<\/strong><\/a> Han pogut aprendre an\u00e8cdotes com l\u2019inici de la hist\u00f2ria dels c\u00f2mics, amb dades tan interessants com que apareixen arran del crac del 29 per aixecar els \u00e0nims de la poblaci\u00f3. I que Marvel \u00e9s un superheroi amb superproblemes. Tamb\u00e9 han fet un recorregut per l\u2019evoluci\u00f3 del c\u00f2mic per \u00e8poques, pa\u00efsos&#8230;i han gaudit d\u2019 un fant\u00e0stic tastet dels m\u00e9s coneguts: MAFALDA, TINTIN, OBELIX, POPEYE&#8230;<\/p>\n<p><img loading=\"lazy\" decoding=\"async\" class=\"aligncenter size-full wp-image-5683\" src=\"https:\/\/agora.xtec.cat\/instarragona\/wp-content\/uploads\/usu484\/2024\/12\/2-1.png\" alt=\"\" width=\"1277\" height=\"571\" srcset=\"https:\/\/agora.xtec.cat\/instarragona\/wp-content\/uploads\/usu484\/2024\/12\/2-1.png 1277w, https:\/\/agora.xtec.cat\/instarragona\/wp-content\/uploads\/usu484\/2024\/12\/2-1-300x134.png 300w, https:\/\/agora.xtec.cat\/instarragona\/wp-content\/uploads\/usu484\/2024\/12\/2-1-1024x458.png 1024w, https:\/\/agora.xtec.cat\/instarragona\/wp-content\/uploads\/usu484\/2024\/12\/2-1-768x343.png 768w\" sizes=\"auto, (max-width: 1277px) 100vw, 1277px\" \/><\/p>\n","protected":false},"excerpt":{"rendered":"<p>L\u2019alumnat de 3r d\u2019ESO ha pogut gaudir de la visita guiada de l\u2019exposici\u00f3 <a href=\"https:\/\/caixaforum.org\/ca\/barcelona\/p\/comic_a88014976\" target=\"_blank\" rel=\"noopener\">C\u00f2mics, somnis i hist\u00f2ria.<\/a> Han pogut aprendre an\u00e8cdotes com l\u2019inici de la hist\u00f2ria dels c\u00f2mics, amb dades tan interessants com que apareixen arran del crac del 29 per aixecar&hellip;  <a href=\"https:\/\/agora.xtec.cat\/instarragona\/eso\/eso-3\/els-comics-dels-nostres-somnis-fan-historia\/\" title=\"Read Els c\u00f2mics dels nostres somnis fan hist\u00f2ria\">Llegeix m\u00e9s\u00bb<\/a><\/p>\n","protected":false},"author":1,"featured_media":5682,"comment_status":"open","ping_status":"closed","sticky":false,"template":"","format":"standard","meta":{"_bbp_topic_count":0,"_bbp_reply_count":0,"_bbp_total_topic_count":0,"_bbp_total_reply_count":0,"_bbp_voice_count":0,"_bbp_anonymous_reply_count":0,"_bbp_topic_count_hidden":0,"_bbp_reply_count_hidden":0,"_bbp_forum_subforum_count":0,"footnotes":""},"categories":[6,29],"tags":[],"class_list":["post-5681","post","type-post","status-publish","format-standard","has-post-thumbnail","hentry","category-eso-3","category-portada"],"post_mailing_queue_ids":[],"_links":{"self":[{"href":"https:\/\/agora.xtec.cat\/instarragona\/wp-json\/wp\/v2\/posts\/5681","targetHints":{"allow":["GET"]}}],"collection":[{"href":"https:\/\/agora.xtec.cat\/instarragona\/wp-json\/wp\/v2\/posts"}],"about":[{"href":"https:\/\/agora.xtec.cat\/instarragona\/wp-json\/wp\/v2\/types\/post"}],"author":[{"embeddable":true,"href":"https:\/\/agora.xtec.cat\/instarragona\/wp-json\/wp\/v2\/users\/1"}],"replies":[{"embeddable":true,"href":"https:\/\/agora.xtec.cat\/instarragona\/wp-json\/wp\/v2\/comments?post=5681"}],"version-history":[{"count":1,"href":"https:\/\/agora.xtec.cat\/instarragona\/wp-json\/wp\/v2\/posts\/5681\/revisions"}],"predecessor-version":[{"id":5684,"href":"https:\/\/agora.xtec.cat\/instarragona\/wp-json\/wp\/v2\/posts\/5681\/revisions\/5684"}],"wp:featuredmedia":[{"embeddable":true,"href":"https:\/\/agora.xtec.cat\/instarragona\/wp-json\/wp\/v2\/media\/5682"}],"wp:attachment":[{"href":"https:\/\/agora.xtec.cat\/instarragona\/wp-json\/wp\/v2\/media?parent=5681"}],"wp:term":[{"taxonomy":"category","embeddable":true,"href":"https:\/\/agora.xtec.cat\/instarragona\/wp-json\/wp\/v2\/categories?post=5681"},{"taxonomy":"post_tag","embeddable":true,"href":"https:\/\/agora.xtec.cat\/instarragona\/wp-json\/wp\/v2\/tags?post=5681"}],"curies":[{"name":"wp","href":"https:\/\/api.w.org\/{rel}","templated":true}]}}