{"id":5674,"date":"2024-12-19T11:43:57","date_gmt":"2024-12-19T10:43:57","guid":{"rendered":"https:\/\/agora.xtec.cat\/instarragona\/?p=5674"},"modified":"2024-12-19T11:44:01","modified_gmt":"2024-12-19T10:44:01","slug":"hour-of-code","status":"publish","type":"post","link":"https:\/\/agora.xtec.cat\/instarragona\/eso\/eso-4\/hour-of-code\/","title":{"rendered":"Hour of code"},"content":{"rendered":"<p>L&#8217;alumnat de 4t d\u2019ESO de Tecnologia han celebrat L\u2019<strong><a href=\"https:\/\/hourofcode.com\/es\/ca\" target=\"_blank\" rel=\"noopener\">Hora del Codi<\/a><\/strong>, una iniciativa global que busca acostar la programaci\u00f3 a tothom, independentment dels coneixements previs. El lema d&#8217;enguany \u00e9s &#8220;<strong>Fem visible l&#8217;invisible<\/strong>&#8220;. L\u2019activitat consisteix a dedicar una hora a aprendre conceptes b\u00e0sics de programaci\u00f3 mitjan\u00e7ant jocs i exercicis interactius que fan que l\u2019aprenentatge sigui divertit i motivador. Han treballat com funciona el pensament computacional a trav\u00e9s de la p\u00e0gina oficial.<\/p>\n<p><img loading=\"lazy\" decoding=\"async\" class=\"aligncenter size-full wp-image-5675\" src=\"https:\/\/agora.xtec.cat\/instarragona\/wp-content\/uploads\/usu484\/2024\/12\/Captura-1.png\" alt=\"\" width=\"1075\" height=\"588\" srcset=\"https:\/\/agora.xtec.cat\/instarragona\/wp-content\/uploads\/usu484\/2024\/12\/Captura-1.png 1075w, https:\/\/agora.xtec.cat\/instarragona\/wp-content\/uploads\/usu484\/2024\/12\/Captura-1-300x164.png 300w, https:\/\/agora.xtec.cat\/instarragona\/wp-content\/uploads\/usu484\/2024\/12\/Captura-1-1024x560.png 1024w, https:\/\/agora.xtec.cat\/instarragona\/wp-content\/uploads\/usu484\/2024\/12\/Captura-1-768x420.png 768w\" sizes=\"auto, (max-width: 1075px) 100vw, 1075px\" \/><\/p>\n","protected":false},"excerpt":{"rendered":"<p>L&#8217;alumnat de 4t d\u2019ESO de Tecnologia han celebrat L\u2019<a href=\"https:\/\/hourofcode.com\/es\/ca\" target=\"_blank\" rel=\"noopener\">Hora del Codi<\/a>, una iniciativa global que busca acostar la programaci\u00f3 a tothom, independentment dels coneixements previs. El lema d&#8217;enguany \u00e9s &#8220;Fem visible l&#8217;invisible&#8220;. L\u2019activitat consisteix a dedicar una hora a aprendre conceptes b\u00e0sics&hellip;  <a href=\"https:\/\/agora.xtec.cat\/instarragona\/eso\/eso-4\/hour-of-code\/\" title=\"Read Hour of code\">Llegeix m\u00e9s\u00bb<\/a><\/p>\n","protected":false},"author":1,"featured_media":0,"comment_status":"open","ping_status":"closed","sticky":false,"template":"","format":"standard","meta":{"_bbp_topic_count":0,"_bbp_reply_count":0,"_bbp_total_topic_count":0,"_bbp_total_reply_count":0,"_bbp_voice_count":0,"_bbp_anonymous_reply_count":0,"_bbp_topic_count_hidden":0,"_bbp_reply_count_hidden":0,"_bbp_forum_subforum_count":0,"footnotes":""},"categories":[7,29],"tags":[108,110],"class_list":["post-5674","post","type-post","status-publish","format-standard","hentry","category-eso-4","category-portada","tag-activitats","tag-tecnologia"],"post_mailing_queue_ids":[],"_links":{"self":[{"href":"https:\/\/agora.xtec.cat\/instarragona\/wp-json\/wp\/v2\/posts\/5674","targetHints":{"allow":["GET"]}}],"collection":[{"href":"https:\/\/agora.xtec.cat\/instarragona\/wp-json\/wp\/v2\/posts"}],"about":[{"href":"https:\/\/agora.xtec.cat\/instarragona\/wp-json\/wp\/v2\/types\/post"}],"author":[{"embeddable":true,"href":"https:\/\/agora.xtec.cat\/instarragona\/wp-json\/wp\/v2\/users\/1"}],"replies":[{"embeddable":true,"href":"https:\/\/agora.xtec.cat\/instarragona\/wp-json\/wp\/v2\/comments?post=5674"}],"version-history":[{"count":1,"href":"https:\/\/agora.xtec.cat\/instarragona\/wp-json\/wp\/v2\/posts\/5674\/revisions"}],"predecessor-version":[{"id":5676,"href":"https:\/\/agora.xtec.cat\/instarragona\/wp-json\/wp\/v2\/posts\/5674\/revisions\/5676"}],"wp:attachment":[{"href":"https:\/\/agora.xtec.cat\/instarragona\/wp-json\/wp\/v2\/media?parent=5674"}],"wp:term":[{"taxonomy":"category","embeddable":true,"href":"https:\/\/agora.xtec.cat\/instarragona\/wp-json\/wp\/v2\/categories?post=5674"},{"taxonomy":"post_tag","embeddable":true,"href":"https:\/\/agora.xtec.cat\/instarragona\/wp-json\/wp\/v2\/tags?post=5674"}],"curies":[{"name":"wp","href":"https:\/\/api.w.org\/{rel}","templated":true}]}}