{"id":5663,"date":"2024-12-19T10:42:12","date_gmt":"2024-12-19T09:42:12","guid":{"rendered":"https:\/\/agora.xtec.cat\/instarragona\/?p=5663"},"modified":"2024-12-19T10:42:12","modified_gmt":"2024-12-19T09:42:12","slug":"servei-comunitari-al-mur-verd-de-la-canonja","status":"publish","type":"post","link":"https:\/\/agora.xtec.cat\/instarragona\/eso\/eso-4\/servei-comunitari-al-mur-verd-de-la-canonja\/","title":{"rendered":"Servei comunitari al Mur verd de la Canonja"},"content":{"rendered":"<p>Els alumnes que faran el servei comunitari amb el <strong><a href=\"https:\/\/gepec.cat\/\" target=\"_blank\" rel=\"noopener\">GEPEC<\/a> <\/strong>ja han tingut la primera aproximaci\u00f3 amb l&#8217;entitat. Ha estat una xerrada molt interessant per con\u00e8ixer de primera m\u00e0 els reptes que es proposen. A partir del gener comen\u00e7aran in situ al<strong><a href=\"https:\/\/gepec.cat\/custodia\/mur-verd\/\" target=\"_blank\" rel=\"noopener\"> Mur verd de la Canonja.<\/a><\/strong><\/p>\n<p><img loading=\"lazy\" decoding=\"async\" class=\"aligncenter size-full wp-image-5664\" src=\"https:\/\/agora.xtec.cat\/instarragona\/wp-content\/uploads\/usu484\/2024\/12\/Captura.png\" alt=\"\" width=\"763\" height=\"533\" srcset=\"https:\/\/agora.xtec.cat\/instarragona\/wp-content\/uploads\/usu484\/2024\/12\/Captura.png 763w, https:\/\/agora.xtec.cat\/instarragona\/wp-content\/uploads\/usu484\/2024\/12\/Captura-300x210.png 300w\" sizes=\"auto, (max-width: 763px) 100vw, 763px\" \/><\/p>\n","protected":false},"excerpt":{"rendered":"<p>Els alumnes que faran el servei comunitari amb el <a href=\"https:\/\/gepec.cat\/\" target=\"_blank\" rel=\"noopener\">GEPEC<\/a> ja han tingut la primera aproximaci\u00f3 amb l&#8217;entitat. Ha estat una xerrada molt interessant per con\u00e8ixer de primera m\u00e0 els reptes que es proposen. A partir del gener comen\u00e7aran in situ al<a&hellip;  <a href=\"https:\/\/agora.xtec.cat\/instarragona\/eso\/eso-4\/servei-comunitari-al-mur-verd-de-la-canonja\/\" title=\"Read Servei comunitari al Mur verd de la Canonja\">Llegeix m\u00e9s\u00bb<\/a><\/p>\n","protected":false},"author":1,"featured_media":0,"comment_status":"open","ping_status":"closed","sticky":false,"template":"","format":"standard","meta":{"_bbp_topic_count":0,"_bbp_reply_count":0,"_bbp_total_topic_count":0,"_bbp_total_reply_count":0,"_bbp_voice_count":0,"_bbp_anonymous_reply_count":0,"_bbp_topic_count_hidden":0,"_bbp_reply_count_hidden":0,"_bbp_forum_subforum_count":0,"footnotes":""},"categories":[7,29],"tags":[99],"class_list":["post-5663","post","type-post","status-publish","format-standard","hentry","category-eso-4","category-portada","tag-projectes"],"post_mailing_queue_ids":[],"_links":{"self":[{"href":"https:\/\/agora.xtec.cat\/instarragona\/wp-json\/wp\/v2\/posts\/5663","targetHints":{"allow":["GET"]}}],"collection":[{"href":"https:\/\/agora.xtec.cat\/instarragona\/wp-json\/wp\/v2\/posts"}],"about":[{"href":"https:\/\/agora.xtec.cat\/instarragona\/wp-json\/wp\/v2\/types\/post"}],"author":[{"embeddable":true,"href":"https:\/\/agora.xtec.cat\/instarragona\/wp-json\/wp\/v2\/users\/1"}],"replies":[{"embeddable":true,"href":"https:\/\/agora.xtec.cat\/instarragona\/wp-json\/wp\/v2\/comments?post=5663"}],"version-history":[{"count":1,"href":"https:\/\/agora.xtec.cat\/instarragona\/wp-json\/wp\/v2\/posts\/5663\/revisions"}],"predecessor-version":[{"id":5665,"href":"https:\/\/agora.xtec.cat\/instarragona\/wp-json\/wp\/v2\/posts\/5663\/revisions\/5665"}],"wp:attachment":[{"href":"https:\/\/agora.xtec.cat\/instarragona\/wp-json\/wp\/v2\/media?parent=5663"}],"wp:term":[{"taxonomy":"category","embeddable":true,"href":"https:\/\/agora.xtec.cat\/instarragona\/wp-json\/wp\/v2\/categories?post=5663"},{"taxonomy":"post_tag","embeddable":true,"href":"https:\/\/agora.xtec.cat\/instarragona\/wp-json\/wp\/v2\/tags?post=5663"}],"curies":[{"name":"wp","href":"https:\/\/api.w.org\/{rel}","templated":true}]}}