{"id":5657,"date":"2024-12-02T08:09:33","date_gmt":"2024-12-02T07:09:33","guid":{"rendered":"https:\/\/agora.xtec.cat\/instarragona\/?p=5657"},"modified":"2024-12-02T08:09:33","modified_gmt":"2024-12-02T07:09:33","slug":"urvoltage-racing","status":"publish","type":"post","link":"https:\/\/agora.xtec.cat\/instarragona\/batxillerat\/urvoltage-racing\/","title":{"rendered":"URVoltage Racing"},"content":{"rendered":"<p>Si\u00a0 voleu estudiar un grau d&#8217;Enginyeria a la URV aix\u00f2 us pot interessat.<\/p>\n<p>La <a href=\"https:\/\/urvoltageracing.com\" target=\"_blank\" rel=\"noopener\"><strong>URVoltage Racing<\/strong><\/a> \u00e9s un projecte compartit entre diferents estudiants d&#8217;enginyeria el\u00e8ctrica, electr\u00f2nica, mec\u00e0nica&#8230; on l<span class=\"Y2IQFc\" lang=\"ca\">a meta \u00e9s dissenyar i construir una moto el\u00e8ctrica que pugui competir al circuit de MotorLand (Alcany\u00eds) durant la MotoStudent 2025. Una cursa on hi participen diverses universitats a nivell mundial. Sens dubte, u<\/span><span class=\"Y2IQFc\" lang=\"ca\">na gran oportunitat d&#8217;aprenentatge, comen\u00e7ant per crear l&#8217;equip, realitzar el projecte de disseny i acabant amb la contrucci\u00f3 de la moto i la participaci\u00f3 a la carrera amb una pilot professional. <\/span><\/p>\n<p><span class=\"Y2IQFc\" lang=\"ca\">Ens comenten els estudiants de la URV que a banda de la feina que han de fer i de les idees que comparteixen, els bons moments que passen no tenen preu. Ja ens ho imaginem!<\/span><\/p>\n<p>Nosaltres hi hem anat amb l&#8217;alumnat del Batxillerat Tecnol\u00f2gic, d&#8217;on segur que en sortiran futurs enginyers. Us animeu a participar?<\/p>\n<table style=\"border-collapse: collapse; width: 100%;\">\n<tbody>\n<tr>\n<td style=\"width: 50%; text-align: center;\"><img loading=\"lazy\" decoding=\"async\" class=\"aligncenter size-full wp-image-5658\" src=\"https:\/\/agora.xtec.cat\/instarragona\/wp-content\/uploads\/usu484\/2024\/12\/Captura-de-pantalla-2024-12-02-080650.png\" alt=\"\" width=\"897\" height=\"673\" srcset=\"https:\/\/agora.xtec.cat\/instarragona\/wp-content\/uploads\/usu484\/2024\/12\/Captura-de-pantalla-2024-12-02-080650.png 897w, https:\/\/agora.xtec.cat\/instarragona\/wp-content\/uploads\/usu484\/2024\/12\/Captura-de-pantalla-2024-12-02-080650-300x225.png 300w, https:\/\/agora.xtec.cat\/instarragona\/wp-content\/uploads\/usu484\/2024\/12\/Captura-de-pantalla-2024-12-02-080650-768x576.png 768w, https:\/\/agora.xtec.cat\/instarragona\/wp-content\/uploads\/usu484\/2024\/12\/Captura-de-pantalla-2024-12-02-080650-200x150.png 200w\" sizes=\"auto, (max-width: 897px) 100vw, 897px\" \/><\/td>\n<td style=\"width: 50%; text-align: center;\"><img loading=\"lazy\" decoding=\"async\" class=\"aligncenter size-full wp-image-5659\" src=\"https:\/\/agora.xtec.cat\/instarragona\/wp-content\/uploads\/usu484\/2024\/12\/Captura-de-pantalla-2024-12-02-080627.png\" alt=\"\" width=\"865\" height=\"610\" srcset=\"https:\/\/agora.xtec.cat\/instarragona\/wp-content\/uploads\/usu484\/2024\/12\/Captura-de-pantalla-2024-12-02-080627.png 865w, https:\/\/agora.xtec.cat\/instarragona\/wp-content\/uploads\/usu484\/2024\/12\/Captura-de-pantalla-2024-12-02-080627-300x212.png 300w, https:\/\/agora.xtec.cat\/instarragona\/wp-content\/uploads\/usu484\/2024\/12\/Captura-de-pantalla-2024-12-02-080627-768x542.png 768w\" sizes=\"auto, (max-width: 865px) 100vw, 865px\" \/><\/td>\n<\/tr>\n<tr>\n<td style=\"width: 50%; text-align: center;\"><img loading=\"lazy\" decoding=\"async\" class=\"aligncenter size-full wp-image-5660\" src=\"https:\/\/agora.xtec.cat\/instarragona\/wp-content\/uploads\/usu484\/2024\/12\/Captura-de-pantalla-2024-12-02-080734.png\" alt=\"\" width=\"834\" height=\"624\" srcset=\"https:\/\/agora.xtec.cat\/instarragona\/wp-content\/uploads\/usu484\/2024\/12\/Captura-de-pantalla-2024-12-02-080734.png 834w, https:\/\/agora.xtec.cat\/instarragona\/wp-content\/uploads\/usu484\/2024\/12\/Captura-de-pantalla-2024-12-02-080734-300x224.png 300w, https:\/\/agora.xtec.cat\/instarragona\/wp-content\/uploads\/usu484\/2024\/12\/Captura-de-pantalla-2024-12-02-080734-768x575.png 768w, https:\/\/agora.xtec.cat\/instarragona\/wp-content\/uploads\/usu484\/2024\/12\/Captura-de-pantalla-2024-12-02-080734-200x150.png 200w\" sizes=\"auto, (max-width: 834px) 100vw, 834px\" \/><\/td>\n<td style=\"width: 50%; text-align: center;\"><img loading=\"lazy\" decoding=\"async\" class=\"aligncenter size-full wp-image-5661\" src=\"https:\/\/agora.xtec.cat\/instarragona\/wp-content\/uploads\/usu484\/2024\/12\/Captura-de-pantalla-2024-12-02-080710.png\" alt=\"\" width=\"511\" height=\"661\" srcset=\"https:\/\/agora.xtec.cat\/instarragona\/wp-content\/uploads\/usu484\/2024\/12\/Captura-de-pantalla-2024-12-02-080710.png 511w, https:\/\/agora.xtec.cat\/instarragona\/wp-content\/uploads\/usu484\/2024\/12\/Captura-de-pantalla-2024-12-02-080710-232x300.png 232w\" sizes=\"auto, (max-width: 511px) 100vw, 511px\" \/><\/td>\n<\/tr>\n<\/tbody>\n<\/table>\n<p>&nbsp;<\/p>\n","protected":false},"excerpt":{"rendered":"<p>Si\u00a0 voleu estudiar un grau d&#8217;Enginyeria a la URV aix\u00f2 us pot interessat.<br \/>\nLa <a href=\"https:\/\/urvoltageracing.com\" target=\"_blank\" rel=\"noopener\">URVoltage Racing<\/a> \u00e9s un projecte compartit entre diferents estudiants d&#8217;enginyeria el\u00e8ctrica, electr\u00f2nica, mec\u00e0nica&#8230; on la meta \u00e9s dissenyar i construir una moto el\u00e8ctrica que pugui competir al circuit de&hellip;  <a href=\"https:\/\/agora.xtec.cat\/instarragona\/batxillerat\/urvoltage-racing\/\" title=\"Read URVoltage Racing\">Llegeix m\u00e9s\u00bb<\/a><\/p>\n","protected":false},"author":1,"featured_media":5660,"comment_status":"open","ping_status":"closed","sticky":false,"template":"","format":"standard","meta":{"_bbp_topic_count":0,"_bbp_reply_count":0,"_bbp_total_topic_count":0,"_bbp_total_reply_count":0,"_bbp_voice_count":0,"_bbp_anonymous_reply_count":0,"_bbp_topic_count_hidden":0,"_bbp_reply_count_hidden":0,"_bbp_forum_subforum_count":0,"footnotes":""},"categories":[8,29],"tags":[39,110],"class_list":["post-5657","post","type-post","status-publish","format-standard","has-post-thumbnail","hentry","category-batxillerat","category-portada","tag-sortides","tag-tecnologia"],"post_mailing_queue_ids":[],"_links":{"self":[{"href":"https:\/\/agora.xtec.cat\/instarragona\/wp-json\/wp\/v2\/posts\/5657","targetHints":{"allow":["GET"]}}],"collection":[{"href":"https:\/\/agora.xtec.cat\/instarragona\/wp-json\/wp\/v2\/posts"}],"about":[{"href":"https:\/\/agora.xtec.cat\/instarragona\/wp-json\/wp\/v2\/types\/post"}],"author":[{"embeddable":true,"href":"https:\/\/agora.xtec.cat\/instarragona\/wp-json\/wp\/v2\/users\/1"}],"replies":[{"embeddable":true,"href":"https:\/\/agora.xtec.cat\/instarragona\/wp-json\/wp\/v2\/comments?post=5657"}],"version-history":[{"count":1,"href":"https:\/\/agora.xtec.cat\/instarragona\/wp-json\/wp\/v2\/posts\/5657\/revisions"}],"predecessor-version":[{"id":5662,"href":"https:\/\/agora.xtec.cat\/instarragona\/wp-json\/wp\/v2\/posts\/5657\/revisions\/5662"}],"wp:featuredmedia":[{"embeddable":true,"href":"https:\/\/agora.xtec.cat\/instarragona\/wp-json\/wp\/v2\/media\/5660"}],"wp:attachment":[{"href":"https:\/\/agora.xtec.cat\/instarragona\/wp-json\/wp\/v2\/media?parent=5657"}],"wp:term":[{"taxonomy":"category","embeddable":true,"href":"https:\/\/agora.xtec.cat\/instarragona\/wp-json\/wp\/v2\/categories?post=5657"},{"taxonomy":"post_tag","embeddable":true,"href":"https:\/\/agora.xtec.cat\/instarragona\/wp-json\/wp\/v2\/tags?post=5657"}],"curies":[{"name":"wp","href":"https:\/\/api.w.org\/{rel}","templated":true}]}}