{"id":5637,"date":"2024-11-29T10:57:13","date_gmt":"2024-11-29T09:57:13","guid":{"rendered":"https:\/\/agora.xtec.cat\/instarragona\/?p=5637"},"modified":"2024-11-29T10:57:31","modified_gmt":"2024-11-29T09:57:31","slug":"com-controlem-laire-a-la-nostra-ciutat","status":"publish","type":"post","link":"https:\/\/agora.xtec.cat\/instarragona\/eso\/eso-3\/com-controlem-laire-a-la-nostra-ciutat\/","title":{"rendered":"Com controlem l&#8217;aire a la nostra ciutat?"},"content":{"rendered":"<p>Aquesta setmana els i les alumnes de 3r d&#8217;ESO han pogut visitar la cabina de control atmosf\u00e8ric situada al Parc de la Ciutat. Aquesta \u00e9s una de les cabines que formen part de la Xarxa de Vigil\u00e0ncia i Previsi\u00f3 de la Contaminaci\u00f3 Atmosf\u00e8rica de la Generalitat de Catalunya.<\/p>\n<p>D&#8217;aquesta manera, l&#8217;alumnat ha pogut con\u00e8ixer de primera m\u00e0 com es mesuren els principals contaminants atmosf\u00e8rics i la seva import\u00e0ncia en la qualitat de l&#8217;aire.<\/p>\n<p><img loading=\"lazy\" decoding=\"async\" class=\"aligncenter size-full wp-image-5638\" src=\"https:\/\/agora.xtec.cat\/instarragona\/wp-content\/uploads\/usu484\/2024\/11\/Captura-de-pantalla-2024-11-29-105503.png\" alt=\"\" width=\"744\" height=\"565\" srcset=\"https:\/\/agora.xtec.cat\/instarragona\/wp-content\/uploads\/usu484\/2024\/11\/Captura-de-pantalla-2024-11-29-105503.png 744w, https:\/\/agora.xtec.cat\/instarragona\/wp-content\/uploads\/usu484\/2024\/11\/Captura-de-pantalla-2024-11-29-105503-300x228.png 300w\" sizes=\"auto, (max-width: 744px) 100vw, 744px\" \/><\/p>\n<p><img loading=\"lazy\" decoding=\"async\" class=\"aligncenter size-full wp-image-5639\" src=\"https:\/\/agora.xtec.cat\/instarragona\/wp-content\/uploads\/usu484\/2024\/11\/Captura-de-pantalla-2024-11-29-105438.png\" alt=\"\" width=\"873\" height=\"651\" srcset=\"https:\/\/agora.xtec.cat\/instarragona\/wp-content\/uploads\/usu484\/2024\/11\/Captura-de-pantalla-2024-11-29-105438.png 873w, https:\/\/agora.xtec.cat\/instarragona\/wp-content\/uploads\/usu484\/2024\/11\/Captura-de-pantalla-2024-11-29-105438-300x224.png 300w, https:\/\/agora.xtec.cat\/instarragona\/wp-content\/uploads\/usu484\/2024\/11\/Captura-de-pantalla-2024-11-29-105438-768x573.png 768w, https:\/\/agora.xtec.cat\/instarragona\/wp-content\/uploads\/usu484\/2024\/11\/Captura-de-pantalla-2024-11-29-105438-200x150.png 200w\" sizes=\"auto, (max-width: 873px) 100vw, 873px\" \/><\/p>\n","protected":false},"excerpt":{"rendered":"<p>Aquesta setmana els i les alumnes de 3r d&#8217;ESO han pogut visitar la cabina de control atmosf\u00e8ric situada al Parc de la Ciutat. Aquesta \u00e9s una de les cabines que formen part de la Xarxa de Vigil\u00e0ncia i Previsi\u00f3 de la Contaminaci\u00f3 Atmosf\u00e8rica de la&hellip;  <a href=\"https:\/\/agora.xtec.cat\/instarragona\/eso\/eso-3\/com-controlem-laire-a-la-nostra-ciutat\/\" title=\"Read Com controlem l&#8217;aire a la nostra ciutat?\">Llegeix m\u00e9s\u00bb<\/a><\/p>\n","protected":false},"author":1,"featured_media":5638,"comment_status":"open","ping_status":"closed","sticky":false,"template":"","format":"standard","meta":{"_bbp_topic_count":0,"_bbp_reply_count":0,"_bbp_total_topic_count":0,"_bbp_total_reply_count":0,"_bbp_voice_count":0,"_bbp_anonymous_reply_count":0,"_bbp_topic_count_hidden":0,"_bbp_reply_count_hidden":0,"_bbp_forum_subforum_count":0,"footnotes":""},"categories":[6,29],"tags":[116,99,110],"class_list":["post-5637","post","type-post","status-publish","format-standard","has-post-thumbnail","hentry","category-eso-3","category-portada","tag-ciencies","tag-projectes","tag-tecnologia"],"post_mailing_queue_ids":[],"_links":{"self":[{"href":"https:\/\/agora.xtec.cat\/instarragona\/wp-json\/wp\/v2\/posts\/5637","targetHints":{"allow":["GET"]}}],"collection":[{"href":"https:\/\/agora.xtec.cat\/instarragona\/wp-json\/wp\/v2\/posts"}],"about":[{"href":"https:\/\/agora.xtec.cat\/instarragona\/wp-json\/wp\/v2\/types\/post"}],"author":[{"embeddable":true,"href":"https:\/\/agora.xtec.cat\/instarragona\/wp-json\/wp\/v2\/users\/1"}],"replies":[{"embeddable":true,"href":"https:\/\/agora.xtec.cat\/instarragona\/wp-json\/wp\/v2\/comments?post=5637"}],"version-history":[{"count":1,"href":"https:\/\/agora.xtec.cat\/instarragona\/wp-json\/wp\/v2\/posts\/5637\/revisions"}],"predecessor-version":[{"id":5640,"href":"https:\/\/agora.xtec.cat\/instarragona\/wp-json\/wp\/v2\/posts\/5637\/revisions\/5640"}],"wp:featuredmedia":[{"embeddable":true,"href":"https:\/\/agora.xtec.cat\/instarragona\/wp-json\/wp\/v2\/media\/5638"}],"wp:attachment":[{"href":"https:\/\/agora.xtec.cat\/instarragona\/wp-json\/wp\/v2\/media?parent=5637"}],"wp:term":[{"taxonomy":"category","embeddable":true,"href":"https:\/\/agora.xtec.cat\/instarragona\/wp-json\/wp\/v2\/categories?post=5637"},{"taxonomy":"post_tag","embeddable":true,"href":"https:\/\/agora.xtec.cat\/instarragona\/wp-json\/wp\/v2\/tags?post=5637"}],"curies":[{"name":"wp","href":"https:\/\/api.w.org\/{rel}","templated":true}]}}