{"id":5588,"date":"2024-11-25T09:02:42","date_gmt":"2024-11-25T08:02:42","guid":{"rendered":"https:\/\/agora.xtec.cat\/instarragona\/?p=5588"},"modified":"2024-11-25T09:08:35","modified_gmt":"2024-11-25T08:08:35","slug":"felicitats-cecilia","status":"publish","type":"post","link":"https:\/\/agora.xtec.cat\/instarragona\/eso\/felicitats-cecilia\/","title":{"rendered":"Felicitats Cec\u00edlia!"},"content":{"rendered":"<p>Santa Cec\u00edlia sempre \u00e9s un dia per celebrar. Que la m\u00fasica sempre ens acomanyi!<\/p>\n<table style=\"border-collapse: collapse; width: 100%;\">\n<tbody>\n<tr>\n<td style=\"width: 50%;\"><iframe loading=\"lazy\" title=\"YouTube video player\" src=\"https:\/\/www.youtube.com\/embed\/Dj_9TFtWzS8?si=eBwK8GLM7eNLDMda\" width=\"560\" height=\"315\" frameborder=\"0\" allowfullscreen=\"allowfullscreen\"><\/iframe><\/td>\n<td style=\"width: 50%;\"><a href=\"https:\/\/youtube.com\/shorts\/r-5QCENYHPI?si=PvUiHRPVfNlRN7Q0\" target=\"_blank\" rel=\"noopener\"><img loading=\"lazy\" decoding=\"async\" class=\"aligncenter wp-image-5594\" src=\"https:\/\/agora.xtec.cat\/instarragona\/wp-content\/uploads\/usu484\/2024\/11\/Captura-de-pantalla-2024-11-25-090521.png\" alt=\"\" width=\"179\" height=\"258\" srcset=\"https:\/\/agora.xtec.cat\/instarragona\/wp-content\/uploads\/usu484\/2024\/11\/Captura-de-pantalla-2024-11-25-090521.png 445w, https:\/\/agora.xtec.cat\/instarragona\/wp-content\/uploads\/usu484\/2024\/11\/Captura-de-pantalla-2024-11-25-090521-208x300.png 208w\" sizes=\"auto, (max-width: 179px) 100vw, 179px\" \/><\/a><\/td>\n<\/tr>\n<\/tbody>\n<\/table>\n<p>Aqu\u00ed teniu el<strong>\u00a0<a href=\"https:\/\/agora.xtec.cat\/instarragona\/wp-content\/uploads\/usu484\/2024\/11\/Manifest-Santa-Cecilia.pdf\">Manifest de Santa Cec\u00edlia<\/a><\/strong><\/p>\n<p><img loading=\"lazy\" decoding=\"async\" class=\"aligncenter wp-image-5590\" src=\"https:\/\/agora.xtec.cat\/instarragona\/wp-content\/uploads\/usu484\/2024\/11\/Captura-de-pantalla-2024-11-25-085002.png\" alt=\"\" width=\"544\" height=\"200\" srcset=\"https:\/\/agora.xtec.cat\/instarragona\/wp-content\/uploads\/usu484\/2024\/11\/Captura-de-pantalla-2024-11-25-085002.png 949w, https:\/\/agora.xtec.cat\/instarragona\/wp-content\/uploads\/usu484\/2024\/11\/Captura-de-pantalla-2024-11-25-085002-300x110.png 300w, https:\/\/agora.xtec.cat\/instarragona\/wp-content\/uploads\/usu484\/2024\/11\/Captura-de-pantalla-2024-11-25-085002-768x282.png 768w\" sizes=\"auto, (max-width: 544px) 100vw, 544px\" \/><\/p>\n<h2>&#8230;<\/h2>\n","protected":false},"excerpt":{"rendered":"<p>Santa Cec\u00edlia sempre \u00e9s un dia per celebrar. Que la m\u00fasica sempre ens acomanyi!<\/p>\n<p><a href=\"https:\/\/youtube.com\/shorts\/r-5QCENYHPI?si=PvUiHRPVfNlRN7Q0\" target=\"_blank\" rel=\"noopener\"><\/a><\/p>\n<p>Aqu\u00ed teniu el\u00a0<a href=\"https:\/\/agora.xtec.cat\/instarragona\/wp-content\/uploads\/usu484\/2024\/11\/Manifest-Santa-Cecilia.pdf\">Manifest de Santa Cec\u00edlia<\/a><\/p>\n<p>&#8230;<\/p>\n","protected":false},"author":1,"featured_media":5592,"comment_status":"open","ping_status":"closed","sticky":false,"template":"","format":"standard","meta":{"_bbp_topic_count":0,"_bbp_reply_count":0,"_bbp_total_topic_count":0,"_bbp_total_reply_count":0,"_bbp_voice_count":0,"_bbp_anonymous_reply_count":0,"_bbp_topic_count_hidden":0,"_bbp_reply_count_hidden":0,"_bbp_forum_subforum_count":0,"footnotes":""},"categories":[3,29],"tags":[97,111],"class_list":["post-5588","post","type-post","status-publish","format-standard","has-post-thumbnail","hentry","category-eso","category-portada","tag-festes-i-activitats","tag-musica"],"post_mailing_queue_ids":[],"_links":{"self":[{"href":"https:\/\/agora.xtec.cat\/instarragona\/wp-json\/wp\/v2\/posts\/5588","targetHints":{"allow":["GET"]}}],"collection":[{"href":"https:\/\/agora.xtec.cat\/instarragona\/wp-json\/wp\/v2\/posts"}],"about":[{"href":"https:\/\/agora.xtec.cat\/instarragona\/wp-json\/wp\/v2\/types\/post"}],"author":[{"embeddable":true,"href":"https:\/\/agora.xtec.cat\/instarragona\/wp-json\/wp\/v2\/users\/1"}],"replies":[{"embeddable":true,"href":"https:\/\/agora.xtec.cat\/instarragona\/wp-json\/wp\/v2\/comments?post=5588"}],"version-history":[{"count":6,"href":"https:\/\/agora.xtec.cat\/instarragona\/wp-json\/wp\/v2\/posts\/5588\/revisions"}],"predecessor-version":[{"id":5599,"href":"https:\/\/agora.xtec.cat\/instarragona\/wp-json\/wp\/v2\/posts\/5588\/revisions\/5599"}],"wp:featuredmedia":[{"embeddable":true,"href":"https:\/\/agora.xtec.cat\/instarragona\/wp-json\/wp\/v2\/media\/5592"}],"wp:attachment":[{"href":"https:\/\/agora.xtec.cat\/instarragona\/wp-json\/wp\/v2\/media?parent=5588"}],"wp:term":[{"taxonomy":"category","embeddable":true,"href":"https:\/\/agora.xtec.cat\/instarragona\/wp-json\/wp\/v2\/categories?post=5588"},{"taxonomy":"post_tag","embeddable":true,"href":"https:\/\/agora.xtec.cat\/instarragona\/wp-json\/wp\/v2\/tags?post=5588"}],"curies":[{"name":"wp","href":"https:\/\/api.w.org\/{rel}","templated":true}]}}