{"id":5576,"date":"2024-11-25T08:22:53","date_gmt":"2024-11-25T07:22:53","guid":{"rendered":"https:\/\/agora.xtec.cat\/instarragona\/?p=5576"},"modified":"2024-11-25T08:23:35","modified_gmt":"2024-11-25T07:23:35","slug":"parles-tu-francais","status":"publish","type":"post","link":"https:\/\/agora.xtec.cat\/instarragona\/portada\/parles-tu-francais\/","title":{"rendered":"Parles-tu fran\u00e7ais?"},"content":{"rendered":"<p>Una gran sort que els nostres alumnes de l&#8217;intercanvi de llarga durada d&#8217;Erasmus+ hagin pogut participar en diverses classes de la mat\u00e8ria optativa de franc\u00e9s. Una experi\u00e8ncia que no pod\u00edem deixar d&#8217;explicar!<\/p>\n<p><img loading=\"lazy\" decoding=\"async\" class=\"aligncenter size-full wp-image-5578\" src=\"https:\/\/agora.xtec.cat\/instarragona\/wp-content\/uploads\/usu484\/2024\/11\/Captura-de-pantalla-2024-11-25-081840.png\" alt=\"\" width=\"1434\" height=\"670\" srcset=\"https:\/\/agora.xtec.cat\/instarragona\/wp-content\/uploads\/usu484\/2024\/11\/Captura-de-pantalla-2024-11-25-081840.png 1434w, https:\/\/agora.xtec.cat\/instarragona\/wp-content\/uploads\/usu484\/2024\/11\/Captura-de-pantalla-2024-11-25-081840-300x140.png 300w, https:\/\/agora.xtec.cat\/instarragona\/wp-content\/uploads\/usu484\/2024\/11\/Captura-de-pantalla-2024-11-25-081840-1024x478.png 1024w, https:\/\/agora.xtec.cat\/instarragona\/wp-content\/uploads\/usu484\/2024\/11\/Captura-de-pantalla-2024-11-25-081840-768x359.png 768w\" sizes=\"auto, (max-width: 1434px) 100vw, 1434px\" \/><\/p>\n<p>I ara s\u00ed, despr\u00e9s d&#8217;un mes a Tarragona, \u00e9s el torn de la Paula i la Meritxell. Elles ja han comen\u00e7at la seva pr\u00f2pia aventura a Tourcoing. Vagi molt b\u00e9, noies!<\/p>\n<p><img loading=\"lazy\" decoding=\"async\" class=\"aligncenter wp-image-5577\" src=\"https:\/\/agora.xtec.cat\/instarragona\/wp-content\/uploads\/usu484\/2024\/11\/1732518671362.jpg\" alt=\"\" width=\"548\" height=\"1217\" srcset=\"https:\/\/agora.xtec.cat\/instarragona\/wp-content\/uploads\/usu484\/2024\/11\/1732518671362.jpg 1080w, https:\/\/agora.xtec.cat\/instarragona\/wp-content\/uploads\/usu484\/2024\/11\/1732518671362-135x300.jpg 135w, https:\/\/agora.xtec.cat\/instarragona\/wp-content\/uploads\/usu484\/2024\/11\/1732518671362-461x1024.jpg 461w, https:\/\/agora.xtec.cat\/instarragona\/wp-content\/uploads\/usu484\/2024\/11\/1732518671362-768x1707.jpg 768w, https:\/\/agora.xtec.cat\/instarragona\/wp-content\/uploads\/usu484\/2024\/11\/1732518671362-691x1536.jpg 691w, https:\/\/agora.xtec.cat\/instarragona\/wp-content\/uploads\/usu484\/2024\/11\/1732518671362-922x2048.jpg 922w\" sizes=\"auto, (max-width: 548px) 100vw, 548px\" \/><\/p>\n<p><img loading=\"lazy\" decoding=\"async\" class=\"aligncenter size-full wp-image-5551\" src=\"https:\/\/agora.xtec.cat\/instarragona\/wp-content\/uploads\/usu484\/2024\/11\/images.png\" alt=\"\" width=\"420\" height=\"120\" srcset=\"https:\/\/agora.xtec.cat\/instarragona\/wp-content\/uploads\/usu484\/2024\/11\/images.png 420w, https:\/\/agora.xtec.cat\/instarragona\/wp-content\/uploads\/usu484\/2024\/11\/images-300x86.png 300w\" sizes=\"auto, (max-width: 420px) 100vw, 420px\" \/><\/p>\n","protected":false},"excerpt":{"rendered":"<p>Una gran sort que els nostres alumnes de l&#8217;intercanvi de llarga durada d&#8217;Erasmus+ hagin pogut participar en diverses classes de la mat\u00e8ria optativa de franc\u00e9s. Una experi\u00e8ncia que no pod\u00edem deixar d&#8217;explicar!<\/p>\n<p>I ara s\u00ed, despr\u00e9s d&#8217;un mes a Tarragona, \u00e9s el torn de la Paula&hellip;  <a href=\"https:\/\/agora.xtec.cat\/instarragona\/portada\/parles-tu-francais\/\" title=\"Read Parles-tu fran\u00e7ais?\">Llegeix m\u00e9s\u00bb<\/a><\/p>\n","protected":false},"author":1,"featured_media":5578,"comment_status":"open","ping_status":"closed","sticky":false,"template":"","format":"standard","meta":{"_bbp_topic_count":0,"_bbp_reply_count":0,"_bbp_total_topic_count":0,"_bbp_total_reply_count":0,"_bbp_voice_count":0,"_bbp_anonymous_reply_count":0,"_bbp_topic_count_hidden":0,"_bbp_reply_count_hidden":0,"_bbp_forum_subforum_count":0,"footnotes":""},"categories":[29,100],"tags":[145,147,101],"class_list":["post-5576","post","type-post","status-publish","format-standard","has-post-thumbnail","hentry","category-portada","category-projectes","tag-erasmus-acretitation","tag-erasmus-llarga-durada","tag-erasmus"],"post_mailing_queue_ids":[],"_links":{"self":[{"href":"https:\/\/agora.xtec.cat\/instarragona\/wp-json\/wp\/v2\/posts\/5576","targetHints":{"allow":["GET"]}}],"collection":[{"href":"https:\/\/agora.xtec.cat\/instarragona\/wp-json\/wp\/v2\/posts"}],"about":[{"href":"https:\/\/agora.xtec.cat\/instarragona\/wp-json\/wp\/v2\/types\/post"}],"author":[{"embeddable":true,"href":"https:\/\/agora.xtec.cat\/instarragona\/wp-json\/wp\/v2\/users\/1"}],"replies":[{"embeddable":true,"href":"https:\/\/agora.xtec.cat\/instarragona\/wp-json\/wp\/v2\/comments?post=5576"}],"version-history":[{"count":2,"href":"https:\/\/agora.xtec.cat\/instarragona\/wp-json\/wp\/v2\/posts\/5576\/revisions"}],"predecessor-version":[{"id":5580,"href":"https:\/\/agora.xtec.cat\/instarragona\/wp-json\/wp\/v2\/posts\/5576\/revisions\/5580"}],"wp:featuredmedia":[{"embeddable":true,"href":"https:\/\/agora.xtec.cat\/instarragona\/wp-json\/wp\/v2\/media\/5578"}],"wp:attachment":[{"href":"https:\/\/agora.xtec.cat\/instarragona\/wp-json\/wp\/v2\/media?parent=5576"}],"wp:term":[{"taxonomy":"category","embeddable":true,"href":"https:\/\/agora.xtec.cat\/instarragona\/wp-json\/wp\/v2\/categories?post=5576"},{"taxonomy":"post_tag","embeddable":true,"href":"https:\/\/agora.xtec.cat\/instarragona\/wp-json\/wp\/v2\/tags?post=5576"}],"curies":[{"name":"wp","href":"https:\/\/api.w.org\/{rel}","templated":true}]}}