{"id":5572,"date":"2024-11-25T08:46:46","date_gmt":"2024-11-25T07:46:46","guid":{"rendered":"https:\/\/agora.xtec.cat\/instarragona\/?p=5572"},"modified":"2024-11-25T08:48:01","modified_gmt":"2024-11-25T07:48:01","slug":"empowering-wellbeing-nou-projecte-eramsus","status":"publish","type":"post","link":"https:\/\/agora.xtec.cat\/instarragona\/general\/empowering-wellbeing-nou-projecte-eramsus\/","title":{"rendered":"&#8220;Empowering wellbeing&#8221;, nou projecte Erasmus+"},"content":{"rendered":"<p>Ja tenim aqu\u00ed el nou projecte Erasmus +. Un plaer rebre estudiants de Fran\u00e7a, Alemanya i Finl\u00e0ndia i compartir activitats relacionades amb el benestar dels nostres joves.<\/p>\n<p>La paraula wellness\/wellbeing en angl\u00e8s inclou diversos talents per cuidar-nos una mica millor tots plegats i a nivell individual. Hi trobem aspectes relacionats en els \u00e0mbits f\u00edsic i mental, l&#8217;ambiental, l&#8217;espiritual, l&#8217;educatiu el social, el financer, etc.\u00a0Saber gestionar les emocions pr\u00f2pies i alienes, practicar l&#8217;atenci\u00f3 en les activitats que estem fent, desenvolupar habilitats socioemocionals, tenir cura del nostre cos&#8230; s\u00f3n capacitats que els nostres joves no poden descuidar per establir l&#8217;equilibri intern i la motivaci\u00f3 que tots necessitem a fi d&#8217;aprofitar tot el nostre talent i potencial.<\/p>\n<p>El projecte ens ha ofert l&#8217;oportunitat de realitzar un gran ventall d&#8217;activitats i cuidar-nos molt \ud83e\udd70. A m\u00e9s a m\u00e9s, com sempre, Erasmus et regala el gran plaer de conviure amb gent diversa, on l&#8217;intercanvi cultural i ling\u00fc\u00edstic \u00e9s un dels eixos principals de cada mobilitat.<\/p>\n<section class=\"program-gaudir__section\">\n<table style=\"border-collapse: collapse; width: 100%;\">\n<tbody>\n<tr>\n<td style=\"width: 50%; text-align: center;\"><img loading=\"lazy\" decoding=\"async\" class=\"aligncenter size-full wp-image-5581\" src=\"https:\/\/agora.xtec.cat\/instarragona\/wp-content\/uploads\/usu484\/2024\/11\/Captura-de-pantalla-2024-11-25-084115.png\" alt=\"\" width=\"877\" height=\"642\" srcset=\"https:\/\/agora.xtec.cat\/instarragona\/wp-content\/uploads\/usu484\/2024\/11\/Captura-de-pantalla-2024-11-25-084115.png 877w, https:\/\/agora.xtec.cat\/instarragona\/wp-content\/uploads\/usu484\/2024\/11\/Captura-de-pantalla-2024-11-25-084115-300x220.png 300w, https:\/\/agora.xtec.cat\/instarragona\/wp-content\/uploads\/usu484\/2024\/11\/Captura-de-pantalla-2024-11-25-084115-768x562.png 768w\" sizes=\"auto, (max-width: 877px) 100vw, 877px\" \/><\/td>\n<td style=\"width: 50%; text-align: center;\"><img loading=\"lazy\" decoding=\"async\" class=\"aligncenter size-full wp-image-5582\" src=\"https:\/\/agora.xtec.cat\/instarragona\/wp-content\/uploads\/usu484\/2024\/11\/Captura-de-pantalla-2024-11-25-084139.png\" alt=\"\" width=\"871\" height=\"622\" srcset=\"https:\/\/agora.xtec.cat\/instarragona\/wp-content\/uploads\/usu484\/2024\/11\/Captura-de-pantalla-2024-11-25-084139.png 871w, https:\/\/agora.xtec.cat\/instarragona\/wp-content\/uploads\/usu484\/2024\/11\/Captura-de-pantalla-2024-11-25-084139-300x214.png 300w, https:\/\/agora.xtec.cat\/instarragona\/wp-content\/uploads\/usu484\/2024\/11\/Captura-de-pantalla-2024-11-25-084139-768x548.png 768w\" sizes=\"auto, (max-width: 871px) 100vw, 871px\" \/><\/td>\n<\/tr>\n<tr>\n<td style=\"width: 50%; text-align: center;\"><img loading=\"lazy\" decoding=\"async\" class=\"aligncenter size-full wp-image-5583\" src=\"https:\/\/agora.xtec.cat\/instarragona\/wp-content\/uploads\/usu484\/2024\/11\/Captura-de-pantalla-2024-11-25-084203.png\" alt=\"\" width=\"814\" height=\"636\" srcset=\"https:\/\/agora.xtec.cat\/instarragona\/wp-content\/uploads\/usu484\/2024\/11\/Captura-de-pantalla-2024-11-25-084203.png 814w, https:\/\/agora.xtec.cat\/instarragona\/wp-content\/uploads\/usu484\/2024\/11\/Captura-de-pantalla-2024-11-25-084203-300x234.png 300w, https:\/\/agora.xtec.cat\/instarragona\/wp-content\/uploads\/usu484\/2024\/11\/Captura-de-pantalla-2024-11-25-084203-768x600.png 768w\" sizes=\"auto, (max-width: 814px) 100vw, 814px\" \/><\/td>\n<td style=\"width: 50%; text-align: center;\"><img loading=\"lazy\" decoding=\"async\" class=\"aligncenter size-full wp-image-5584\" src=\"https:\/\/agora.xtec.cat\/instarragona\/wp-content\/uploads\/usu484\/2024\/11\/Captura-de-pantalla-2024-11-25-084057.png\" alt=\"\" width=\"487\" height=\"619\" srcset=\"https:\/\/agora.xtec.cat\/instarragona\/wp-content\/uploads\/usu484\/2024\/11\/Captura-de-pantalla-2024-11-25-084057.png 487w, https:\/\/agora.xtec.cat\/instarragona\/wp-content\/uploads\/usu484\/2024\/11\/Captura-de-pantalla-2024-11-25-084057-236x300.png 236w\" sizes=\"auto, (max-width: 487px) 100vw, 487px\" \/><\/td>\n<\/tr>\n<\/tbody>\n<\/table>\n<\/section>\n<p>Les <strong><a href=\"https:\/\/drive.google.com\/drive\/folders\/1j6HJ5W3QuqC4zdmfKtayrfVSxHYraQHE?usp=sharing\" target=\"_blank\" rel=\"noopener\">imatges<\/a><\/strong> del projecte.<\/p>\n<p><img loading=\"lazy\" decoding=\"async\" class=\"aligncenter size-full wp-image-5551\" src=\"https:\/\/agora.xtec.cat\/instarragona\/wp-content\/uploads\/usu484\/2024\/11\/images.png\" alt=\"\" width=\"420\" height=\"120\" srcset=\"https:\/\/agora.xtec.cat\/instarragona\/wp-content\/uploads\/usu484\/2024\/11\/images.png 420w, https:\/\/agora.xtec.cat\/instarragona\/wp-content\/uploads\/usu484\/2024\/11\/images-300x86.png 300w\" sizes=\"auto, (max-width: 420px) 100vw, 420px\" \/><\/p>\n","protected":false},"excerpt":{"rendered":"<p>Ja tenim aqu\u00ed el nou projecte Erasmus +. Un plaer rebre estudiants de Fran\u00e7a, Alemanya i Finl\u00e0ndia i compartir activitats relacionades amb el benestar dels nostres joves.<br \/>\nLa paraula wellness\/wellbeing en angl\u00e8s inclou diversos talents per cuidar-nos una mica millor tots plegats i a nivell individual.&hellip;  <a href=\"https:\/\/agora.xtec.cat\/instarragona\/general\/empowering-wellbeing-nou-projecte-eramsus\/\" title=\"Read &#8220;Empowering wellbeing&#8221;, nou projecte Erasmus+\">Llegeix m\u00e9s\u00bb<\/a><\/p>\n","protected":false},"author":1,"featured_media":5581,"comment_status":"open","ping_status":"closed","sticky":false,"template":"","format":"standard","meta":{"_bbp_topic_count":0,"_bbp_reply_count":0,"_bbp_total_topic_count":0,"_bbp_total_reply_count":0,"_bbp_voice_count":0,"_bbp_anonymous_reply_count":0,"_bbp_topic_count_hidden":0,"_bbp_reply_count_hidden":0,"_bbp_forum_subforum_count":0,"footnotes":""},"categories":[6,7,1,29,100],"tags":[145,101,99],"class_list":["post-5572","post","type-post","status-publish","format-standard","has-post-thumbnail","hentry","category-eso-3","category-eso-4","category-general","category-portada","category-projectes","tag-erasmus-acretitation","tag-erasmus","tag-projectes"],"post_mailing_queue_ids":[],"_links":{"self":[{"href":"https:\/\/agora.xtec.cat\/instarragona\/wp-json\/wp\/v2\/posts\/5572","targetHints":{"allow":["GET"]}}],"collection":[{"href":"https:\/\/agora.xtec.cat\/instarragona\/wp-json\/wp\/v2\/posts"}],"about":[{"href":"https:\/\/agora.xtec.cat\/instarragona\/wp-json\/wp\/v2\/types\/post"}],"author":[{"embeddable":true,"href":"https:\/\/agora.xtec.cat\/instarragona\/wp-json\/wp\/v2\/users\/1"}],"replies":[{"embeddable":true,"href":"https:\/\/agora.xtec.cat\/instarragona\/wp-json\/wp\/v2\/comments?post=5572"}],"version-history":[{"count":6,"href":"https:\/\/agora.xtec.cat\/instarragona\/wp-json\/wp\/v2\/posts\/5572\/revisions"}],"predecessor-version":[{"id":5587,"href":"https:\/\/agora.xtec.cat\/instarragona\/wp-json\/wp\/v2\/posts\/5572\/revisions\/5587"}],"wp:featuredmedia":[{"embeddable":true,"href":"https:\/\/agora.xtec.cat\/instarragona\/wp-json\/wp\/v2\/media\/5581"}],"wp:attachment":[{"href":"https:\/\/agora.xtec.cat\/instarragona\/wp-json\/wp\/v2\/media?parent=5572"}],"wp:term":[{"taxonomy":"category","embeddable":true,"href":"https:\/\/agora.xtec.cat\/instarragona\/wp-json\/wp\/v2\/categories?post=5572"},{"taxonomy":"post_tag","embeddable":true,"href":"https:\/\/agora.xtec.cat\/instarragona\/wp-json\/wp\/v2\/tags?post=5572"}],"curies":[{"name":"wp","href":"https:\/\/api.w.org\/{rel}","templated":true}]}}