{"id":5558,"date":"2024-11-29T08:43:58","date_gmt":"2024-11-29T07:43:58","guid":{"rendered":"https:\/\/agora.xtec.cat\/instarragona\/?p=5558"},"modified":"2024-11-29T08:46:26","modified_gmt":"2024-11-29T07:46:26","slug":"participacio-a-la-lliga-genuine","status":"publish","type":"post","link":"https:\/\/agora.xtec.cat\/instarragona\/eso\/eso-4\/participacio-a-la-lliga-genuine\/","title":{"rendered":"Participaci\u00f3 a la Lliga Genuine"},"content":{"rendered":"<p>Un any m\u00e9s l&#8217;alumnat de 4t de l&#8217;ESO ha participat a la<strong><a href=\"https:\/\/www.laliga.com\/laliga-genuine\/que-es\" target=\"_blank\" rel=\"noopener\"> Lliga Genuine<\/a>.<\/strong> <span class=\"Y2IQFc\" lang=\"ca\">Es tracta d&#8217;una iniciativa integradora de responsabilitat social consistent en la creaci\u00f3 d&#8217;una Lliga formada per equips del col\u00b7lectiu DI (persones amb discapacitat intel\u00b7lectual). Com ja \u00e9s habitual hi participem. Professorat i alumnat hem anat aquest cap de setmana a compartir, mitjan\u00e7ant una activitat de voluntariat, una bona estona amb ells.\u00a0<\/span><\/p>\n<p>De fet, ja fa uns dies van venir voluntaris del N\u00e0stic a ensenyar-nos a ballar la Haka, l&#8217;himne de la lliga, que un any m\u00e9s no pot faltar! Un cop ben preparats per la cerim\u00f2nia d&#8217;inauguraci\u00f3, el 22 de novembre al Nou Estadi Costa Daurada, ja hem pogut gaudir dels partits de futbol que van tenir lloc el passat cap de setmana. Un \u00e8xit!<\/p>\n<p><img loading=\"lazy\" decoding=\"async\" class=\"aligncenter wp-image-5559\" src=\"https:\/\/agora.xtec.cat\/instarragona\/wp-content\/uploads\/usu484\/2024\/11\/Captura-3.png\" alt=\"\" width=\"820\" height=\"572\" srcset=\"https:\/\/agora.xtec.cat\/instarragona\/wp-content\/uploads\/usu484\/2024\/11\/Captura-3.png 1056w, https:\/\/agora.xtec.cat\/instarragona\/wp-content\/uploads\/usu484\/2024\/11\/Captura-3-300x209.png 300w, https:\/\/agora.xtec.cat\/instarragona\/wp-content\/uploads\/usu484\/2024\/11\/Captura-3-1024x715.png 1024w, https:\/\/agora.xtec.cat\/instarragona\/wp-content\/uploads\/usu484\/2024\/11\/Captura-3-768x536.png 768w\" sizes=\"auto, (max-width: 820px) 100vw, 820px\" \/><\/p>\n<p>Aqu\u00ed tenim l&#8217;acte inaugural:<\/p>\n<table style=\"border-collapse: collapse; width: 100%;\">\n<tbody>\n<tr>\n<td style=\"width: 33.3333%; text-align: center;\"><img loading=\"lazy\" decoding=\"async\" class=\"aligncenter size-full wp-image-5620\" src=\"https:\/\/agora.xtec.cat\/instarragona\/wp-content\/uploads\/usu484\/2024\/11\/1.png\" alt=\"\" width=\"1046\" height=\"529\" srcset=\"https:\/\/agora.xtec.cat\/instarragona\/wp-content\/uploads\/usu484\/2024\/11\/1.png 1046w, https:\/\/agora.xtec.cat\/instarragona\/wp-content\/uploads\/usu484\/2024\/11\/1-300x152.png 300w, https:\/\/agora.xtec.cat\/instarragona\/wp-content\/uploads\/usu484\/2024\/11\/1-1024x518.png 1024w, https:\/\/agora.xtec.cat\/instarragona\/wp-content\/uploads\/usu484\/2024\/11\/1-768x388.png 768w\" sizes=\"auto, (max-width: 1046px) 100vw, 1046px\" \/><\/td>\n<td style=\"width: 33.3333%; text-align: center;\"><img loading=\"lazy\" decoding=\"async\" class=\"aligncenter size-full wp-image-5621\" src=\"https:\/\/agora.xtec.cat\/instarragona\/wp-content\/uploads\/usu484\/2024\/11\/2.png\" alt=\"\" width=\"862\" height=\"526\" srcset=\"https:\/\/agora.xtec.cat\/instarragona\/wp-content\/uploads\/usu484\/2024\/11\/2.png 862w, https:\/\/agora.xtec.cat\/instarragona\/wp-content\/uploads\/usu484\/2024\/11\/2-300x183.png 300w, https:\/\/agora.xtec.cat\/instarragona\/wp-content\/uploads\/usu484\/2024\/11\/2-768x469.png 768w\" sizes=\"auto, (max-width: 862px) 100vw, 862px\" \/><\/td>\n<td style=\"width: 33.3333%; text-align: center;\"><img loading=\"lazy\" decoding=\"async\" class=\"aligncenter size-full wp-image-5622\" src=\"https:\/\/agora.xtec.cat\/instarragona\/wp-content\/uploads\/usu484\/2024\/11\/Captura-4.png\" alt=\"\" width=\"1029\" height=\"677\" srcset=\"https:\/\/agora.xtec.cat\/instarragona\/wp-content\/uploads\/usu484\/2024\/11\/Captura-4.png 1029w, https:\/\/agora.xtec.cat\/instarragona\/wp-content\/uploads\/usu484\/2024\/11\/Captura-4-300x197.png 300w, https:\/\/agora.xtec.cat\/instarragona\/wp-content\/uploads\/usu484\/2024\/11\/Captura-4-1024x674.png 1024w, https:\/\/agora.xtec.cat\/instarragona\/wp-content\/uploads\/usu484\/2024\/11\/Captura-4-768x505.png 768w\" sizes=\"auto, (max-width: 1029px) 100vw, 1029px\" \/><\/td>\n<\/tr>\n<\/tbody>\n<\/table>\n<p>Aqu\u00ed tenim m\u00e9s <strong><a href=\"https:\/\/drive.google.com\/drive\/folders\/10OfeZWkJD4JKS4XEV245UiQhn7VY5Q9Y?usp=sharing\" target=\"_blank\" rel=\"noopener\">imatges <\/a><\/strong>dels voluntariats d&#8217;aquest any, el <strong><a href=\"https:\/\/agora.xtec.cat\/instarragona\/portada\/el-gran-recapte-tambe-a-linstitut\/\" target=\"_blank\" rel=\"noopener\">banc d&#8217;Aliments<\/a><\/strong> i La lliga Genuine.<\/p>\n","protected":false},"excerpt":{"rendered":"<p>Un any m\u00e9s l&#8217;alumnat de 4t de l&#8217;ESO ha participat a la<a href=\"https:\/\/www.laliga.com\/laliga-genuine\/que-es\" target=\"_blank\" rel=\"noopener\"> Lliga Genuine<\/a>. Es tracta d&#8217;una iniciativa integradora de responsabilitat social consistent en la creaci\u00f3 d&#8217;una Lliga formada per equips del col\u00b7lectiu DI (persones amb discapacitat intel\u00b7lectual). Com ja \u00e9s habitual&hellip;  <a href=\"https:\/\/agora.xtec.cat\/instarragona\/eso\/eso-4\/participacio-a-la-lliga-genuine\/\" title=\"Read Participaci\u00f3 a la Lliga Genuine\">Llegeix m\u00e9s\u00bb<\/a><\/p>\n","protected":false},"author":1,"featured_media":5620,"comment_status":"open","ping_status":"closed","sticky":false,"template":"","format":"standard","meta":{"_bbp_topic_count":0,"_bbp_reply_count":0,"_bbp_total_topic_count":0,"_bbp_total_reply_count":0,"_bbp_voice_count":0,"_bbp_anonymous_reply_count":0,"_bbp_topic_count_hidden":0,"_bbp_reply_count_hidden":0,"_bbp_forum_subforum_count":0,"footnotes":""},"categories":[7,29],"tags":[39,153],"class_list":["post-5558","post","type-post","status-publish","format-standard","has-post-thumbnail","hentry","category-eso-4","category-portada","tag-sortides","tag-voluntariat"],"post_mailing_queue_ids":[],"_links":{"self":[{"href":"https:\/\/agora.xtec.cat\/instarragona\/wp-json\/wp\/v2\/posts\/5558","targetHints":{"allow":["GET"]}}],"collection":[{"href":"https:\/\/agora.xtec.cat\/instarragona\/wp-json\/wp\/v2\/posts"}],"about":[{"href":"https:\/\/agora.xtec.cat\/instarragona\/wp-json\/wp\/v2\/types\/post"}],"author":[{"embeddable":true,"href":"https:\/\/agora.xtec.cat\/instarragona\/wp-json\/wp\/v2\/users\/1"}],"replies":[{"embeddable":true,"href":"https:\/\/agora.xtec.cat\/instarragona\/wp-json\/wp\/v2\/comments?post=5558"}],"version-history":[{"count":4,"href":"https:\/\/agora.xtec.cat\/instarragona\/wp-json\/wp\/v2\/posts\/5558\/revisions"}],"predecessor-version":[{"id":5624,"href":"https:\/\/agora.xtec.cat\/instarragona\/wp-json\/wp\/v2\/posts\/5558\/revisions\/5624"}],"wp:featuredmedia":[{"embeddable":true,"href":"https:\/\/agora.xtec.cat\/instarragona\/wp-json\/wp\/v2\/media\/5620"}],"wp:attachment":[{"href":"https:\/\/agora.xtec.cat\/instarragona\/wp-json\/wp\/v2\/media?parent=5558"}],"wp:term":[{"taxonomy":"category","embeddable":true,"href":"https:\/\/agora.xtec.cat\/instarragona\/wp-json\/wp\/v2\/categories?post=5558"},{"taxonomy":"post_tag","embeddable":true,"href":"https:\/\/agora.xtec.cat\/instarragona\/wp-json\/wp\/v2\/tags?post=5558"}],"curies":[{"name":"wp","href":"https:\/\/api.w.org\/{rel}","templated":true}]}}