{"id":5554,"date":"2024-11-15T08:20:10","date_gmt":"2024-11-15T07:20:10","guid":{"rendered":"https:\/\/agora.xtec.cat\/instarragona\/?p=5554"},"modified":"2024-11-15T08:20:10","modified_gmt":"2024-11-15T07:20:10","slug":"quico-diaz-ens-parla-deinstein","status":"publish","type":"post","link":"https:\/\/agora.xtec.cat\/instarragona\/batxillerat\/quico-diaz-ens-parla-deinstein\/","title":{"rendered":"Quico D\u00edaz ens parla d&#8217;Einstein"},"content":{"rendered":"<p>En el marc de la Setmana de la Ci\u00e8ncia, l\u2019alumnat de 1r i 2n de Batxillerat de la modalitat de Ci\u00e8ncies i Tecnologia ha tingut l\u2019oportunitat de rebre una xerrada sobre Einstein, el cient\u00edfic del segle XX, pel professor em\u00e8rit de la URV, Quico D\u00edaz, professor de molts professors\/es del Departament de Ci\u00e8ncies. Quina vitalitat i passi\u00f3 per la F\u00edsica! Molt agra\u00efts per la teva aportaci\u00f3! A m\u00e9s, durant aquestes setmanes treballarem amb l\u2019ESO, el coneixement d\u2019Einstein amb l\u2019exposici\u00f3 que tenim al vest\u00edbul. Qu\u00e0nticament preciosa!<\/p>\n<p><img loading=\"lazy\" decoding=\"async\" class=\"aligncenter size-full wp-image-5555\" src=\"https:\/\/agora.xtec.cat\/instarragona\/wp-content\/uploads\/usu484\/2024\/11\/Captura-1.png\" alt=\"\" width=\"1022\" height=\"752\" srcset=\"https:\/\/agora.xtec.cat\/instarragona\/wp-content\/uploads\/usu484\/2024\/11\/Captura-1.png 1022w, https:\/\/agora.xtec.cat\/instarragona\/wp-content\/uploads\/usu484\/2024\/11\/Captura-1-300x221.png 300w, https:\/\/agora.xtec.cat\/instarragona\/wp-content\/uploads\/usu484\/2024\/11\/Captura-1-768x565.png 768w\" sizes=\"auto, (max-width: 1022px) 100vw, 1022px\" \/><\/p>\n<p>A m\u00e9s a m\u00e9s, per completar la xerrada tenim una exposici\u00f3 temporal instal.lada al vest\u00edbul. Passeu a veure-la!<\/p>\n<p><img loading=\"lazy\" decoding=\"async\" class=\"aligncenter size-full wp-image-5556\" src=\"https:\/\/agora.xtec.cat\/instarragona\/wp-content\/uploads\/usu484\/2024\/11\/Captura-2.png\" alt=\"\" width=\"1031\" height=\"737\" srcset=\"https:\/\/agora.xtec.cat\/instarragona\/wp-content\/uploads\/usu484\/2024\/11\/Captura-2.png 1031w, https:\/\/agora.xtec.cat\/instarragona\/wp-content\/uploads\/usu484\/2024\/11\/Captura-2-300x214.png 300w, https:\/\/agora.xtec.cat\/instarragona\/wp-content\/uploads\/usu484\/2024\/11\/Captura-2-1024x732.png 1024w, https:\/\/agora.xtec.cat\/instarragona\/wp-content\/uploads\/usu484\/2024\/11\/Captura-2-768x549.png 768w\" sizes=\"auto, (max-width: 1031px) 100vw, 1031px\" \/><\/p>\n","protected":false},"excerpt":{"rendered":"<p>En el marc de la Setmana de la Ci\u00e8ncia, l\u2019alumnat de 1r i 2n de Batxillerat de la modalitat de Ci\u00e8ncies i Tecnologia ha tingut l\u2019oportunitat de rebre una xerrada sobre Einstein, el cient\u00edfic del segle XX, pel professor em\u00e8rit de la URV, Quico D\u00edaz,&hellip;  <a href=\"https:\/\/agora.xtec.cat\/instarragona\/batxillerat\/quico-diaz-ens-parla-deinstein\/\" title=\"Read Quico D\u00edaz ens parla d&#8217;Einstein\">Llegeix m\u00e9s\u00bb<\/a><\/p>\n","protected":false},"author":1,"featured_media":5555,"comment_status":"open","ping_status":"closed","sticky":false,"template":"","format":"standard","meta":{"_bbp_topic_count":0,"_bbp_reply_count":0,"_bbp_total_topic_count":0,"_bbp_total_reply_count":0,"_bbp_voice_count":0,"_bbp_anonymous_reply_count":0,"_bbp_topic_count_hidden":0,"_bbp_reply_count_hidden":0,"_bbp_forum_subforum_count":0,"footnotes":""},"categories":[8,29],"tags":[116],"class_list":["post-5554","post","type-post","status-publish","format-standard","has-post-thumbnail","hentry","category-batxillerat","category-portada","tag-ciencies"],"post_mailing_queue_ids":[],"_links":{"self":[{"href":"https:\/\/agora.xtec.cat\/instarragona\/wp-json\/wp\/v2\/posts\/5554","targetHints":{"allow":["GET"]}}],"collection":[{"href":"https:\/\/agora.xtec.cat\/instarragona\/wp-json\/wp\/v2\/posts"}],"about":[{"href":"https:\/\/agora.xtec.cat\/instarragona\/wp-json\/wp\/v2\/types\/post"}],"author":[{"embeddable":true,"href":"https:\/\/agora.xtec.cat\/instarragona\/wp-json\/wp\/v2\/users\/1"}],"replies":[{"embeddable":true,"href":"https:\/\/agora.xtec.cat\/instarragona\/wp-json\/wp\/v2\/comments?post=5554"}],"version-history":[{"count":1,"href":"https:\/\/agora.xtec.cat\/instarragona\/wp-json\/wp\/v2\/posts\/5554\/revisions"}],"predecessor-version":[{"id":5557,"href":"https:\/\/agora.xtec.cat\/instarragona\/wp-json\/wp\/v2\/posts\/5554\/revisions\/5557"}],"wp:featuredmedia":[{"embeddable":true,"href":"https:\/\/agora.xtec.cat\/instarragona\/wp-json\/wp\/v2\/media\/5555"}],"wp:attachment":[{"href":"https:\/\/agora.xtec.cat\/instarragona\/wp-json\/wp\/v2\/media?parent=5554"}],"wp:term":[{"taxonomy":"category","embeddable":true,"href":"https:\/\/agora.xtec.cat\/instarragona\/wp-json\/wp\/v2\/categories?post=5554"},{"taxonomy":"post_tag","embeddable":true,"href":"https:\/\/agora.xtec.cat\/instarragona\/wp-json\/wp\/v2\/tags?post=5554"}],"curies":[{"name":"wp","href":"https:\/\/api.w.org\/{rel}","templated":true}]}}