{"id":5548,"date":"2024-11-15T08:09:31","date_gmt":"2024-11-15T07:09:31","guid":{"rendered":"https:\/\/agora.xtec.cat\/instarragona\/?p=5548"},"modified":"2024-11-15T08:14:58","modified_gmt":"2024-11-15T07:14:58","slug":"aquesta-setmana-erasmus","status":"publish","type":"post","link":"https:\/\/agora.xtec.cat\/instarragona\/eso\/eso-4\/aquesta-setmana-erasmus\/","title":{"rendered":"Aquesta setmana, Erasmus!"},"content":{"rendered":"<p>El primer grup d&#8217;Erasmus que ens ha visitat aquest curs ha vingut de Fran\u00e7a, Tourcoing.\u00a0Aquest \u00e9s el moment en el qual ens deien ad\u00e9u, una setmana intensa, plena d&#8217;emocions i activitat. El projecte ha tractat sobre el benestar, &#8220;<strong>Wellbeing<\/strong>&#8220;. Sens dubte, &#8220;entrenar&#8221; la poblaci\u00f3 adolescent en la cura d&#8217;un mateix i la resili\u00e8ncia \u00e9s clau perqu\u00e8 puguin gestionar de forma m\u00e9s saludable els desafiaments i reptes de la vida. Ben aviat us en donem m\u00e9s detalls.<\/p>\n<p><img loading=\"lazy\" decoding=\"async\" class=\"aligncenter wp-image-5549\" src=\"https:\/\/agora.xtec.cat\/instarragona\/wp-content\/uploads\/usu484\/2024\/11\/Captura.png\" alt=\"\" width=\"655\" height=\"494\" srcset=\"https:\/\/agora.xtec.cat\/instarragona\/wp-content\/uploads\/usu484\/2024\/11\/Captura.png 1001w, https:\/\/agora.xtec.cat\/instarragona\/wp-content\/uploads\/usu484\/2024\/11\/Captura-300x226.png 300w, https:\/\/agora.xtec.cat\/instarragona\/wp-content\/uploads\/usu484\/2024\/11\/Captura-768x579.png 768w, https:\/\/agora.xtec.cat\/instarragona\/wp-content\/uploads\/usu484\/2024\/11\/Captura-200x150.png 200w\" sizes=\"auto, (max-width: 655px) 100vw, 655px\" \/><\/p>\n<p><img loading=\"lazy\" decoding=\"async\" class=\"aligncenter size-full wp-image-5551\" src=\"https:\/\/agora.xtec.cat\/instarragona\/wp-content\/uploads\/usu484\/2024\/11\/images.png\" alt=\"\" width=\"420\" height=\"120\" srcset=\"https:\/\/agora.xtec.cat\/instarragona\/wp-content\/uploads\/usu484\/2024\/11\/images.png 420w, https:\/\/agora.xtec.cat\/instarragona\/wp-content\/uploads\/usu484\/2024\/11\/images-300x86.png 300w\" sizes=\"auto, (max-width: 420px) 100vw, 420px\" \/><\/p>\n","protected":false},"excerpt":{"rendered":"<p>El primer grup d&#8217;Erasmus que ens ha visitat aquest curs ha vingut de Fran\u00e7a, Tourcoing.\u00a0Aquest \u00e9s el moment en el qual ens deien ad\u00e9u, una setmana intensa, plena d&#8217;emocions i activitat. El projecte ha tractat sobre el benestar, &#8220;Wellbeing&#8220;. Sens dubte, &#8220;entrenar&#8221; la poblaci\u00f3 adolescent&hellip;  <a href=\"https:\/\/agora.xtec.cat\/instarragona\/eso\/eso-4\/aquesta-setmana-erasmus\/\" title=\"Read Aquesta setmana, Erasmus!\">Llegeix m\u00e9s\u00bb<\/a><\/p>\n","protected":false},"author":1,"featured_media":0,"comment_status":"open","ping_status":"closed","sticky":false,"template":"","format":"standard","meta":{"_bbp_topic_count":0,"_bbp_reply_count":0,"_bbp_total_topic_count":0,"_bbp_total_reply_count":0,"_bbp_voice_count":0,"_bbp_anonymous_reply_count":0,"_bbp_topic_count_hidden":0,"_bbp_reply_count_hidden":0,"_bbp_forum_subforum_count":0,"footnotes":""},"categories":[7,29],"tags":[],"class_list":["post-5548","post","type-post","status-publish","format-standard","hentry","category-eso-4","category-portada"],"post_mailing_queue_ids":[],"_links":{"self":[{"href":"https:\/\/agora.xtec.cat\/instarragona\/wp-json\/wp\/v2\/posts\/5548","targetHints":{"allow":["GET"]}}],"collection":[{"href":"https:\/\/agora.xtec.cat\/instarragona\/wp-json\/wp\/v2\/posts"}],"about":[{"href":"https:\/\/agora.xtec.cat\/instarragona\/wp-json\/wp\/v2\/types\/post"}],"author":[{"embeddable":true,"href":"https:\/\/agora.xtec.cat\/instarragona\/wp-json\/wp\/v2\/users\/1"}],"replies":[{"embeddable":true,"href":"https:\/\/agora.xtec.cat\/instarragona\/wp-json\/wp\/v2\/comments?post=5548"}],"version-history":[{"count":3,"href":"https:\/\/agora.xtec.cat\/instarragona\/wp-json\/wp\/v2\/posts\/5548\/revisions"}],"predecessor-version":[{"id":5553,"href":"https:\/\/agora.xtec.cat\/instarragona\/wp-json\/wp\/v2\/posts\/5548\/revisions\/5553"}],"wp:attachment":[{"href":"https:\/\/agora.xtec.cat\/instarragona\/wp-json\/wp\/v2\/media?parent=5548"}],"wp:term":[{"taxonomy":"category","embeddable":true,"href":"https:\/\/agora.xtec.cat\/instarragona\/wp-json\/wp\/v2\/categories?post=5548"},{"taxonomy":"post_tag","embeddable":true,"href":"https:\/\/agora.xtec.cat\/instarragona\/wp-json\/wp\/v2\/tags?post=5548"}],"curies":[{"name":"wp","href":"https:\/\/api.w.org\/{rel}","templated":true}]}}