{"id":5542,"date":"2024-11-12T07:25:19","date_gmt":"2024-11-12T06:25:19","guid":{"rendered":"https:\/\/agora.xtec.cat\/instarragona\/?p=5542"},"modified":"2024-11-12T07:25:36","modified_gmt":"2024-11-12T06:25:36","slug":"parlem-dansietat","status":"publish","type":"post","link":"https:\/\/agora.xtec.cat\/instarragona\/batxillerat\/parlem-dansietat\/","title":{"rendered":"Parlem d&#8217;ansietat"},"content":{"rendered":"<p>L&#8217;alumnat de 1r de Batxillerat ha pogut gaudir de diferents xerrades i activitats relacionades amb el tema de l&#8217;ansietat, organitzada pel Col\u00b7legi Oficial de Psicologia de Catalunya.<\/p>\n<p>En aquesta xerrada es pret\u00e9n apropar a la ciutadania i especialment als joves i adoelscents el concepte d&#8217;ansietat, que \u00e9s, i com ens afecta. Tamb\u00e9 es debat sobre com influeixen les xarxes socials en ella.<\/p>\n<p><img loading=\"lazy\" decoding=\"async\" class=\"aligncenter size-full wp-image-5543\" src=\"https:\/\/agora.xtec.cat\/instarragona\/wp-content\/uploads\/usu484\/2024\/11\/Captura-de-pantalla-2024-11-12-072244.png\" alt=\"\" width=\"1102\" height=\"625\" srcset=\"https:\/\/agora.xtec.cat\/instarragona\/wp-content\/uploads\/usu484\/2024\/11\/Captura-de-pantalla-2024-11-12-072244.png 1102w, https:\/\/agora.xtec.cat\/instarragona\/wp-content\/uploads\/usu484\/2024\/11\/Captura-de-pantalla-2024-11-12-072244-300x170.png 300w, https:\/\/agora.xtec.cat\/instarragona\/wp-content\/uploads\/usu484\/2024\/11\/Captura-de-pantalla-2024-11-12-072244-1024x581.png 1024w, https:\/\/agora.xtec.cat\/instarragona\/wp-content\/uploads\/usu484\/2024\/11\/Captura-de-pantalla-2024-11-12-072244-768x436.png 768w\" sizes=\"auto, (max-width: 1102px) 100vw, 1102px\" \/><\/p>\n","protected":false},"excerpt":{"rendered":"<p>L&#8217;alumnat de 1r de Batxillerat ha pogut gaudir de diferents xerrades i activitats relacionades amb el tema de l&#8217;ansietat, organitzada pel Col\u00b7legi Oficial de Psicologia de Catalunya.<br \/>\nEn aquesta xerrada es pret\u00e9n apropar a la ciutadania i especialment als joves i adoelscents el concepte d&#8217;ansietat, que&hellip;  <a href=\"https:\/\/agora.xtec.cat\/instarragona\/batxillerat\/parlem-dansietat\/\" title=\"Read Parlem d&#8217;ansietat\">Llegeix m\u00e9s\u00bb<\/a><\/p>\n","protected":false},"author":1,"featured_media":5543,"comment_status":"open","ping_status":"closed","sticky":false,"template":"","format":"standard","meta":{"_bbp_topic_count":0,"_bbp_reply_count":0,"_bbp_total_topic_count":0,"_bbp_total_reply_count":0,"_bbp_voice_count":0,"_bbp_anonymous_reply_count":0,"_bbp_topic_count_hidden":0,"_bbp_reply_count_hidden":0,"_bbp_forum_subforum_count":0,"footnotes":""},"categories":[8,29],"tags":[],"class_list":["post-5542","post","type-post","status-publish","format-standard","has-post-thumbnail","hentry","category-batxillerat","category-portada"],"post_mailing_queue_ids":[],"_links":{"self":[{"href":"https:\/\/agora.xtec.cat\/instarragona\/wp-json\/wp\/v2\/posts\/5542","targetHints":{"allow":["GET"]}}],"collection":[{"href":"https:\/\/agora.xtec.cat\/instarragona\/wp-json\/wp\/v2\/posts"}],"about":[{"href":"https:\/\/agora.xtec.cat\/instarragona\/wp-json\/wp\/v2\/types\/post"}],"author":[{"embeddable":true,"href":"https:\/\/agora.xtec.cat\/instarragona\/wp-json\/wp\/v2\/users\/1"}],"replies":[{"embeddable":true,"href":"https:\/\/agora.xtec.cat\/instarragona\/wp-json\/wp\/v2\/comments?post=5542"}],"version-history":[{"count":1,"href":"https:\/\/agora.xtec.cat\/instarragona\/wp-json\/wp\/v2\/posts\/5542\/revisions"}],"predecessor-version":[{"id":5544,"href":"https:\/\/agora.xtec.cat\/instarragona\/wp-json\/wp\/v2\/posts\/5542\/revisions\/5544"}],"wp:featuredmedia":[{"embeddable":true,"href":"https:\/\/agora.xtec.cat\/instarragona\/wp-json\/wp\/v2\/media\/5543"}],"wp:attachment":[{"href":"https:\/\/agora.xtec.cat\/instarragona\/wp-json\/wp\/v2\/media?parent=5542"}],"wp:term":[{"taxonomy":"category","embeddable":true,"href":"https:\/\/agora.xtec.cat\/instarragona\/wp-json\/wp\/v2\/categories?post=5542"},{"taxonomy":"post_tag","embeddable":true,"href":"https:\/\/agora.xtec.cat\/instarragona\/wp-json\/wp\/v2\/tags?post=5542"}],"curies":[{"name":"wp","href":"https:\/\/api.w.org\/{rel}","templated":true}]}}