{"id":5534,"date":"2024-11-12T07:19:05","date_gmt":"2024-11-12T06:19:05","guid":{"rendered":"https:\/\/agora.xtec.cat\/instarragona\/?p=5534"},"modified":"2024-11-12T07:20:33","modified_gmt":"2024-11-12T06:20:33","slug":"castanyada-i-molta-por","status":"publish","type":"post","link":"https:\/\/agora.xtec.cat\/instarragona\/portada\/castanyada-i-molta-por\/","title":{"rendered":"Castanyada i molta por"},"content":{"rendered":"<p>Un any m\u00e9s el vest\u00edbul del centre ens ha servit d&#8217;aparador pels nostres alumnes m\u00e9s artistes. Moltes gr\u00e0cies a tots els que heu col\u00b7laborat per posar l&#8217;institut al dia dels aconteixements m\u00e9s populars! M\u00fasica, ball i moltes m\u00e9s propostes art\u00edstiques.<\/p>\n<p><img loading=\"lazy\" decoding=\"async\" class=\"aligncenter size-full wp-image-5536\" src=\"https:\/\/agora.xtec.cat\/instarragona\/wp-content\/uploads\/usu484\/2024\/11\/1730925148206.jpg\" alt=\"\" width=\"1600\" height=\"1200\" srcset=\"https:\/\/agora.xtec.cat\/instarragona\/wp-content\/uploads\/usu484\/2024\/11\/1730925148206.jpg 1600w, https:\/\/agora.xtec.cat\/instarragona\/wp-content\/uploads\/usu484\/2024\/11\/1730925148206-300x225.jpg 300w, https:\/\/agora.xtec.cat\/instarragona\/wp-content\/uploads\/usu484\/2024\/11\/1730925148206-1024x768.jpg 1024w, https:\/\/agora.xtec.cat\/instarragona\/wp-content\/uploads\/usu484\/2024\/11\/1730925148206-768x576.jpg 768w, https:\/\/agora.xtec.cat\/instarragona\/wp-content\/uploads\/usu484\/2024\/11\/1730925148206-1536x1152.jpg 1536w, https:\/\/agora.xtec.cat\/instarragona\/wp-content\/uploads\/usu484\/2024\/11\/1730925148206-200x150.jpg 200w\" sizes=\"auto, (max-width: 1600px) 100vw, 1600px\" \/><\/p>\n<p><img loading=\"lazy\" decoding=\"async\" class=\"aligncenter size-full wp-image-5537\" src=\"https:\/\/agora.xtec.cat\/instarragona\/wp-content\/uploads\/usu484\/2024\/11\/Captura-de-pantalla-2024-11-12-071647.png\" alt=\"\" width=\"460\" height=\"487\" srcset=\"https:\/\/agora.xtec.cat\/instarragona\/wp-content\/uploads\/usu484\/2024\/11\/Captura-de-pantalla-2024-11-12-071647.png 460w, https:\/\/agora.xtec.cat\/instarragona\/wp-content\/uploads\/usu484\/2024\/11\/Captura-de-pantalla-2024-11-12-071647-283x300.png 283w\" sizes=\"auto, (max-width: 460px) 100vw, 460px\" \/><\/p>\n<p><img loading=\"lazy\" decoding=\"async\" class=\"aligncenter size-full wp-image-5539\" src=\"https:\/\/agora.xtec.cat\/instarragona\/wp-content\/uploads\/usu484\/2024\/11\/Captura-de-pantalla-2024-11-12-071842.png\" alt=\"\" width=\"1246\" height=\"585\" srcset=\"https:\/\/agora.xtec.cat\/instarragona\/wp-content\/uploads\/usu484\/2024\/11\/Captura-de-pantalla-2024-11-12-071842.png 1246w, https:\/\/agora.xtec.cat\/instarragona\/wp-content\/uploads\/usu484\/2024\/11\/Captura-de-pantalla-2024-11-12-071842-300x141.png 300w, https:\/\/agora.xtec.cat\/instarragona\/wp-content\/uploads\/usu484\/2024\/11\/Captura-de-pantalla-2024-11-12-071842-1024x481.png 1024w, https:\/\/agora.xtec.cat\/instarragona\/wp-content\/uploads\/usu484\/2024\/11\/Captura-de-pantalla-2024-11-12-071842-768x361.png 768w\" sizes=\"auto, (max-width: 1246px) 100vw, 1246px\" \/><\/p>\n<p><img loading=\"lazy\" decoding=\"async\" class=\"aligncenter size-full wp-image-5538\" src=\"https:\/\/agora.xtec.cat\/instarragona\/wp-content\/uploads\/usu484\/2024\/11\/Captura-de-pantalla-2024-11-12-071745.png\" alt=\"\" width=\"711\" height=\"427\" srcset=\"https:\/\/agora.xtec.cat\/instarragona\/wp-content\/uploads\/usu484\/2024\/11\/Captura-de-pantalla-2024-11-12-071745.png 711w, https:\/\/agora.xtec.cat\/instarragona\/wp-content\/uploads\/usu484\/2024\/11\/Captura-de-pantalla-2024-11-12-071745-300x180.png 300w\" sizes=\"auto, (max-width: 711px) 100vw, 711px\" \/><\/p>\n<p>&nbsp;<\/p>\n","protected":false},"excerpt":{"rendered":"<p>Un any m\u00e9s el vest\u00edbul del centre ens ha servit d&#8217;aparador pels nostres alumnes m\u00e9s artistes. Moltes gr\u00e0cies a tots els que heu col\u00b7laborat per posar l&#8217;institut al dia dels aconteixements m\u00e9s populars! M\u00fasica, ball i moltes m\u00e9s propostes art\u00edstiques.<\/p>\n<p>&nbsp;<\/p>\n","protected":false},"author":1,"featured_media":5539,"comment_status":"open","ping_status":"closed","sticky":false,"template":"","format":"standard","meta":{"_bbp_topic_count":0,"_bbp_reply_count":0,"_bbp_total_topic_count":0,"_bbp_total_reply_count":0,"_bbp_voice_count":0,"_bbp_anonymous_reply_count":0,"_bbp_topic_count_hidden":0,"_bbp_reply_count_hidden":0,"_bbp_forum_subforum_count":0,"footnotes":""},"categories":[29],"tags":[97,111,117],"class_list":["post-5534","post","type-post","status-publish","format-standard","has-post-thumbnail","hentry","category-portada","tag-festes-i-activitats","tag-musica","tag-visual-i-plastica"],"post_mailing_queue_ids":[],"_links":{"self":[{"href":"https:\/\/agora.xtec.cat\/instarragona\/wp-json\/wp\/v2\/posts\/5534","targetHints":{"allow":["GET"]}}],"collection":[{"href":"https:\/\/agora.xtec.cat\/instarragona\/wp-json\/wp\/v2\/posts"}],"about":[{"href":"https:\/\/agora.xtec.cat\/instarragona\/wp-json\/wp\/v2\/types\/post"}],"author":[{"embeddable":true,"href":"https:\/\/agora.xtec.cat\/instarragona\/wp-json\/wp\/v2\/users\/1"}],"replies":[{"embeddable":true,"href":"https:\/\/agora.xtec.cat\/instarragona\/wp-json\/wp\/v2\/comments?post=5534"}],"version-history":[{"count":2,"href":"https:\/\/agora.xtec.cat\/instarragona\/wp-json\/wp\/v2\/posts\/5534\/revisions"}],"predecessor-version":[{"id":5541,"href":"https:\/\/agora.xtec.cat\/instarragona\/wp-json\/wp\/v2\/posts\/5534\/revisions\/5541"}],"wp:featuredmedia":[{"embeddable":true,"href":"https:\/\/agora.xtec.cat\/instarragona\/wp-json\/wp\/v2\/media\/5539"}],"wp:attachment":[{"href":"https:\/\/agora.xtec.cat\/instarragona\/wp-json\/wp\/v2\/media?parent=5534"}],"wp:term":[{"taxonomy":"category","embeddable":true,"href":"https:\/\/agora.xtec.cat\/instarragona\/wp-json\/wp\/v2\/categories?post=5534"},{"taxonomy":"post_tag","embeddable":true,"href":"https:\/\/agora.xtec.cat\/instarragona\/wp-json\/wp\/v2\/tags?post=5534"}],"curies":[{"name":"wp","href":"https:\/\/api.w.org\/{rel}","templated":true}]}}