{"id":5520,"date":"2024-10-29T14:33:28","date_gmt":"2024-10-29T13:33:28","guid":{"rendered":"https:\/\/agora.xtec.cat\/instarragona\/?p=5520"},"modified":"2024-10-29T14:34:07","modified_gmt":"2024-10-29T13:34:07","slug":"erasmus-estades-de-llarga-durada","status":"publish","type":"post","link":"https:\/\/agora.xtec.cat\/instarragona\/batxillerat\/erasmus-estades-de-llarga-durada\/","title":{"rendered":"Erasmus+, estades de llarga durada"},"content":{"rendered":"<p>Un any m\u00e9s ens visiten estudiants d&#8217;Eramus de 1r de Batxillerat. En aquesta ocasi\u00f3 hem rebut 2 alumnes de D\u00fcsseldorf (Alemanya) i dos deTourcoing (Fran\u00e7a). Us desitgem a tots una feli\u00e7 estada i que ho aprofiteu, en tots els sentits. Una gran aportunitat a nivell d&#8217;intercanvi, per fer amics, per contrastar difer\u00e8ncies culturals i ling\u00fc\u00edstiques, etc<\/p>\n<p style=\"text-align: center;\"><strong>SOU MOLT BENVINGUTS!<\/strong><\/p>\n<p>Ben aviat, els nostres alumnes realitzaran el viatge de tornada. Ja us informarem!<\/p>\n<p><img loading=\"lazy\" decoding=\"async\" class=\"aligncenter size-full wp-image-5522\" src=\"https:\/\/agora.xtec.cat\/instarragona\/wp-content\/uploads\/usu484\/2024\/10\/Captura-1.png\" alt=\"\" width=\"548\" height=\"703\" srcset=\"https:\/\/agora.xtec.cat\/instarragona\/wp-content\/uploads\/usu484\/2024\/10\/Captura-1.png 548w, https:\/\/agora.xtec.cat\/instarragona\/wp-content\/uploads\/usu484\/2024\/10\/Captura-1-234x300.png 234w\" sizes=\"auto, (max-width: 548px) 100vw, 548px\" \/><\/p>\n<p>&nbsp;<\/p>\n<p><img loading=\"lazy\" decoding=\"async\" class=\"aligncenter size-full wp-image-5521\" src=\"https:\/\/agora.xtec.cat\/instarragona\/wp-content\/uploads\/usu484\/2024\/10\/Captura.png\" alt=\"\" width=\"841\" height=\"733\" srcset=\"https:\/\/agora.xtec.cat\/instarragona\/wp-content\/uploads\/usu484\/2024\/10\/Captura.png 841w, https:\/\/agora.xtec.cat\/instarragona\/wp-content\/uploads\/usu484\/2024\/10\/Captura-300x261.png 300w, https:\/\/agora.xtec.cat\/instarragona\/wp-content\/uploads\/usu484\/2024\/10\/Captura-768x669.png 768w\" sizes=\"auto, (max-width: 841px) 100vw, 841px\" \/><\/p>\n<p>&nbsp;<\/p>\n","protected":false},"excerpt":{"rendered":"<p>Un any m\u00e9s ens visiten estudiants d&#8217;Eramus de 1r de Batxillerat. En aquesta ocasi\u00f3 hem rebut 2 alumnes de D\u00fcsseldorf (Alemanya) i dos deTourcoing (Fran\u00e7a). Us desitgem a tots una feli\u00e7 estada i que ho aprofiteu, en tots els sentits. Una gran aportunitat a nivell&hellip;  <a href=\"https:\/\/agora.xtec.cat\/instarragona\/batxillerat\/erasmus-estades-de-llarga-durada\/\" title=\"Read Erasmus+, estades de llarga durada\">Llegeix m\u00e9s\u00bb<\/a><\/p>\n","protected":false},"author":1,"featured_media":5521,"comment_status":"open","ping_status":"closed","sticky":false,"template":"","format":"standard","meta":{"_bbp_topic_count":0,"_bbp_reply_count":0,"_bbp_total_topic_count":0,"_bbp_total_reply_count":0,"_bbp_voice_count":0,"_bbp_anonymous_reply_count":0,"_bbp_topic_count_hidden":0,"_bbp_reply_count_hidden":0,"_bbp_forum_subforum_count":0,"footnotes":""},"categories":[8,29],"tags":[145,147,101],"class_list":["post-5520","post","type-post","status-publish","format-standard","has-post-thumbnail","hentry","category-batxillerat","category-portada","tag-erasmus-acretitation","tag-erasmus-llarga-durada","tag-erasmus"],"post_mailing_queue_ids":[],"_links":{"self":[{"href":"https:\/\/agora.xtec.cat\/instarragona\/wp-json\/wp\/v2\/posts\/5520","targetHints":{"allow":["GET"]}}],"collection":[{"href":"https:\/\/agora.xtec.cat\/instarragona\/wp-json\/wp\/v2\/posts"}],"about":[{"href":"https:\/\/agora.xtec.cat\/instarragona\/wp-json\/wp\/v2\/types\/post"}],"author":[{"embeddable":true,"href":"https:\/\/agora.xtec.cat\/instarragona\/wp-json\/wp\/v2\/users\/1"}],"replies":[{"embeddable":true,"href":"https:\/\/agora.xtec.cat\/instarragona\/wp-json\/wp\/v2\/comments?post=5520"}],"version-history":[{"count":2,"href":"https:\/\/agora.xtec.cat\/instarragona\/wp-json\/wp\/v2\/posts\/5520\/revisions"}],"predecessor-version":[{"id":5524,"href":"https:\/\/agora.xtec.cat\/instarragona\/wp-json\/wp\/v2\/posts\/5520\/revisions\/5524"}],"wp:featuredmedia":[{"embeddable":true,"href":"https:\/\/agora.xtec.cat\/instarragona\/wp-json\/wp\/v2\/media\/5521"}],"wp:attachment":[{"href":"https:\/\/agora.xtec.cat\/instarragona\/wp-json\/wp\/v2\/media?parent=5520"}],"wp:term":[{"taxonomy":"category","embeddable":true,"href":"https:\/\/agora.xtec.cat\/instarragona\/wp-json\/wp\/v2\/categories?post=5520"},{"taxonomy":"post_tag","embeddable":true,"href":"https:\/\/agora.xtec.cat\/instarragona\/wp-json\/wp\/v2\/tags?post=5520"}],"curies":[{"name":"wp","href":"https:\/\/api.w.org\/{rel}","templated":true}]}}