{"id":5505,"date":"2024-10-16T16:32:17","date_gmt":"2024-10-16T14:32:17","guid":{"rendered":"https:\/\/agora.xtec.cat\/instarragona\/?p=5505"},"modified":"2024-10-16T16:39:23","modified_gmt":"2024-10-16T14:39:23","slug":"ens-visiten-des-de-suecia","status":"publish","type":"post","link":"https:\/\/agora.xtec.cat\/instarragona\/eso\/eso-3\/ens-visiten-des-de-suecia\/","title":{"rendered":"Ens visiten des de Su\u00e8cia"},"content":{"rendered":"<p>Aquesta setmana hem rebut la visita dels alumnes suecs de Lexby Skola de Partille (G\u00f6teborg). Durant aquests dies han dut a terme un munt d\u2019activitats acompanyats dels nostres alumnes de tercer d\u2019ESO. Han visitat la Tarragona romana i Barcelona. Han participat en alguna activitat des de la mat\u00e8ria d&#8217;alemany. Tamb\u00e9 han gaudit de l\u2019assaig dels castellers de la Colla Jove Xiquets de Tarragona i d\u2019un dia fant\u00e0stic a Port Aventura, entre d\u2019altres activitats. Fins i tot han ballat a la mat\u00e8ria de m\u00fasica amb els nostres alumnes.<\/p>\n<p>Ha estat una experi\u00e8ncia cultural, social i ling\u00fc\u00edstica molt enriquidora per tots els nois i noies participants en l\u2019intercanvi. Desitgem que aquesta\u00a0 activitats continu\u00ef per molts anys m\u00e9s!<\/p>\n<p>Us esperem el curs vinent!<\/p>\n<table style=\"border-collapse: collapse; width: 100%;\">\n<tbody>\n<tr>\n<td style=\"width: 33.3333%;\"><img loading=\"lazy\" decoding=\"async\" class=\"aligncenter size-full wp-image-5506\" src=\"https:\/\/agora.xtec.cat\/instarragona\/wp-content\/uploads\/usu484\/2024\/10\/Captura-de-pantalla-2024-10-16-162505.png\" alt=\"\" width=\"868\" height=\"648\" srcset=\"https:\/\/agora.xtec.cat\/instarragona\/wp-content\/uploads\/usu484\/2024\/10\/Captura-de-pantalla-2024-10-16-162505.png 868w, https:\/\/agora.xtec.cat\/instarragona\/wp-content\/uploads\/usu484\/2024\/10\/Captura-de-pantalla-2024-10-16-162505-300x224.png 300w, https:\/\/agora.xtec.cat\/instarragona\/wp-content\/uploads\/usu484\/2024\/10\/Captura-de-pantalla-2024-10-16-162505-768x573.png 768w, https:\/\/agora.xtec.cat\/instarragona\/wp-content\/uploads\/usu484\/2024\/10\/Captura-de-pantalla-2024-10-16-162505-200x150.png 200w\" sizes=\"auto, (max-width: 868px) 100vw, 868px\" \/><\/td>\n<td style=\"width: 33.3333%;\"><img loading=\"lazy\" decoding=\"async\" class=\"aligncenter size-full wp-image-5507\" src=\"https:\/\/agora.xtec.cat\/instarragona\/wp-content\/uploads\/usu484\/2024\/10\/Captura-de-pantalla-2024-10-16-162559.png\" alt=\"\" width=\"1042\" height=\"657\" srcset=\"https:\/\/agora.xtec.cat\/instarragona\/wp-content\/uploads\/usu484\/2024\/10\/Captura-de-pantalla-2024-10-16-162559.png 1042w, https:\/\/agora.xtec.cat\/instarragona\/wp-content\/uploads\/usu484\/2024\/10\/Captura-de-pantalla-2024-10-16-162559-300x189.png 300w, https:\/\/agora.xtec.cat\/instarragona\/wp-content\/uploads\/usu484\/2024\/10\/Captura-de-pantalla-2024-10-16-162559-1024x646.png 1024w, https:\/\/agora.xtec.cat\/instarragona\/wp-content\/uploads\/usu484\/2024\/10\/Captura-de-pantalla-2024-10-16-162559-768x484.png 768w\" sizes=\"auto, (max-width: 1042px) 100vw, 1042px\" \/><\/td>\n<\/tr>\n<\/tbody>\n<\/table>\n<p>M\u00e9s <strong><a href=\"https:\/\/drive.google.com\/drive\/folders\/1tGb86TDRHY_OPZG2Tyvi53-0F9d_GDOG?usp=sharing\" target=\"_blank\" rel=\"noopener\">imatges<\/a><\/strong>.<\/p>\n<p>&nbsp;<\/p>\n","protected":false},"excerpt":{"rendered":"<p>Aquesta setmana hem rebut la visita dels alumnes suecs de Lexby Skola de Partille (G\u00f6teborg). Durant aquests dies han dut a terme un munt d\u2019activitats acompanyats dels nostres alumnes de tercer d\u2019ESO. Han visitat la Tarragona romana i Barcelona. Han participat en alguna activitat des&hellip;  <a href=\"https:\/\/agora.xtec.cat\/instarragona\/eso\/eso-3\/ens-visiten-des-de-suecia\/\" title=\"Read Ens visiten des de Su\u00e8cia\">Llegeix m\u00e9s\u00bb<\/a><\/p>\n","protected":false},"author":1,"featured_media":5508,"comment_status":"open","ping_status":"closed","sticky":false,"template":"","format":"standard","meta":{"_bbp_topic_count":0,"_bbp_reply_count":0,"_bbp_total_topic_count":0,"_bbp_total_reply_count":0,"_bbp_voice_count":0,"_bbp_anonymous_reply_count":0,"_bbp_topic_count_hidden":0,"_bbp_reply_count_hidden":0,"_bbp_forum_subforum_count":0,"footnotes":""},"categories":[6,29],"tags":[42,105],"class_list":["post-5505","post","type-post","status-publish","format-standard","has-post-thumbnail","hentry","category-eso-3","category-portada","tag-angles","tag-intercanvis"],"post_mailing_queue_ids":[],"_links":{"self":[{"href":"https:\/\/agora.xtec.cat\/instarragona\/wp-json\/wp\/v2\/posts\/5505","targetHints":{"allow":["GET"]}}],"collection":[{"href":"https:\/\/agora.xtec.cat\/instarragona\/wp-json\/wp\/v2\/posts"}],"about":[{"href":"https:\/\/agora.xtec.cat\/instarragona\/wp-json\/wp\/v2\/types\/post"}],"author":[{"embeddable":true,"href":"https:\/\/agora.xtec.cat\/instarragona\/wp-json\/wp\/v2\/users\/1"}],"replies":[{"embeddable":true,"href":"https:\/\/agora.xtec.cat\/instarragona\/wp-json\/wp\/v2\/comments?post=5505"}],"version-history":[{"count":3,"href":"https:\/\/agora.xtec.cat\/instarragona\/wp-json\/wp\/v2\/posts\/5505\/revisions"}],"predecessor-version":[{"id":5511,"href":"https:\/\/agora.xtec.cat\/instarragona\/wp-json\/wp\/v2\/posts\/5505\/revisions\/5511"}],"wp:featuredmedia":[{"embeddable":true,"href":"https:\/\/agora.xtec.cat\/instarragona\/wp-json\/wp\/v2\/media\/5508"}],"wp:attachment":[{"href":"https:\/\/agora.xtec.cat\/instarragona\/wp-json\/wp\/v2\/media?parent=5505"}],"wp:term":[{"taxonomy":"category","embeddable":true,"href":"https:\/\/agora.xtec.cat\/instarragona\/wp-json\/wp\/v2\/categories?post=5505"},{"taxonomy":"post_tag","embeddable":true,"href":"https:\/\/agora.xtec.cat\/instarragona\/wp-json\/wp\/v2\/tags?post=5505"}],"curies":[{"name":"wp","href":"https:\/\/api.w.org\/{rel}","templated":true}]}}